{"id":11475,"date":"2024-05-24T13:41:35","date_gmt":"2024-05-24T11:41:35","guid":{"rendered":"https:\/\/www.ebroresilience.com\/we-received-the-annual-monitoring-visit-from-the-european-life-program\/"},"modified":"2024-05-24T13:58:03","modified_gmt":"2024-05-24T11:58:03","slug":"we-received-the-annual-monitoring-visit-from-the-european-life-program","status":"publish","type":"post","link":"https:\/\/www.ebroresilience.com\/en\/we-received-the-annual-monitoring-visit-from-the-european-life-program\/","title":{"rendered":"Annual monitoring visit from the European LIFE Program"},"content":{"rendered":"\t\t<div data-elementor-type=\"wp-post\" data-elementor-id=\"11475\" class=\"elementor elementor-11475 elementor-11451\" data-elementor-post-type=\"post\">\n\t\t\t\t\t\t<section class=\"elementor-section elementor-top-section elementor-element elementor-element-03d3ee5 elementor-section-boxed elementor-section-height-default elementor-section-height-default\" data-id=\"03d3ee5\" data-element_type=\"section\" data-e-type=\"section\">\n\t\t\t\t\t\t<div class=\"elementor-container elementor-column-gap-default\">\n\t\t\t\t\t<div class=\"elementor-column elementor-col-100 elementor-top-column elementor-element elementor-element-8f4faec\" data-id=\"8f4faec\" data-element_type=\"column\" data-e-type=\"column\">\n\t\t\t<div class=\"elementor-widget-wrap elementor-element-populated\">\n\t\t\t\t\t\t<div class=\"elementor-element elementor-element-28bed4d elementor-widget elementor-widget-text-editor\" data-id=\"28bed4d\" data-element_type=\"widget\" data-e-type=\"widget\" data-widget_type=\"text-editor.default\">\n\t\t\t\t<div class=\"elementor-widget-container\">\n\t\t\t\t\t\t\t\t\t<p>The LIFE Ebro Resilience P1 project has received the annual visit of the monitor of the ELMEN consultancy<strong>, <\/strong><strong>Borja Dom\u00edguez<\/strong><strong>, <\/strong>who represents the tutors of the <strong>LIFE program of the European Union<\/strong> to carry out a general review of the project.<\/p>\n<p>This week we have reviewed the status of all the actions and have anticipated the main milestones for the coming months, in addition to resolving possible doubts.<\/p>\n<p>The conference included an initial session on the 21st with the technical presence of all the partners Ebro Hydrographic Confederation (CHE); Government of La Rioja; Government of Navarra, through Gesti\u00f3n Ambiental de Navarra, S.A. (GAN-NIK); Government of Aragon, Aragonese Water Institute, TRAGSA and TRAGSATEC, which was held at the headquarters of the CHE, in Zaragoza.<\/p>\n\t\t\t\t\t\t\t\t<\/div>\n\t\t\t\t<\/div>\n\t\t\t\t\t<\/div>\n\t\t<\/div>\n\t\t\t\t\t<\/div>\n\t\t<\/section>\n\t\t\t\t<section class=\"elementor-section elementor-top-section elementor-element elementor-element-ba66757 elementor-section-boxed elementor-section-height-default elementor-section-height-default\" data-id=\"ba66757\" data-element_type=\"section\" data-e-type=\"section\">\n\t\t\t\t\t\t<div class=\"elementor-container elementor-column-gap-default\">\n\t\t\t\t\t<div class=\"elementor-column elementor-col-100 elementor-top-column elementor-element elementor-element-a665742\" data-id=\"a665742\" data-element_type=\"column\" data-e-type=\"column\">\n\t\t\t<div class=\"elementor-widget-wrap elementor-element-populated\">\n\t\t\t\t\t\t<div class=\"elementor-element elementor-element-27f88da elementor-widget elementor-widget-image\" data-id=\"27f88da\" data-element_type=\"widget\" data-e-type=\"widget\" data-widget_type=\"image.default\">\n\t\t\t\t<div class=\"elementor-widget-container\">\n\t\t\t\t\t\t\t\t\t\t\t\t<figure class=\"wp-caption\">\n\t\t\t\t\t\t\t\t\t\t<img fetchpriority=\"high\" decoding=\"async\" width=\"1024\" height=\"768\" src=\"https:\/\/www.ebroresilience.com\/wp-content\/uploads\/2024\/05\/REUNION-SALA-2-1024x768.jpg\" class=\"attachment-large size-large wp-image-11458\" alt=\"Sesi\u00f3n de sala de la visita del monitor del programa LIFE de la Uni\u00f3n Europea\" srcset=\"https:\/\/www.ebroresilience.com\/wp-content\/uploads\/2024\/05\/REUNION-SALA-2-1024x768.jpg 1024w, https:\/\/www.ebroresilience.com\/wp-content\/uploads\/2024\/05\/REUNION-SALA-2-300x225.jpg 300w, https:\/\/www.ebroresilience.com\/wp-content\/uploads\/2024\/05\/REUNION-SALA-2-768x576.jpg 768w, https:\/\/www.ebroresilience.com\/wp-content\/uploads\/2024\/05\/REUNION-SALA-2-1536x1152.jpg 1536w, https:\/\/www.ebroresilience.com\/wp-content\/uploads\/2024\/05\/REUNION-SALA-2-2048x1536.jpg 2048w, https:\/\/www.ebroresilience.com\/wp-content\/uploads\/2024\/05\/REUNION-SALA-2-195x146.jpg 195w, https:\/\/www.ebroresilience.com\/wp-content\/uploads\/2024\/05\/REUNION-SALA-2-50x38.jpg 50w, https:\/\/www.ebroresilience.com\/wp-content\/uploads\/2024\/05\/REUNION-SALA-2-100x75.jpg 100w, https:\/\/www.ebroresilience.com\/wp-content\/uploads\/2024\/05\/REUNION-SALA-2-960x720.jpg 960w\" sizes=\"(max-width:767px) 480px, (max-width:1024px) 100vw, 1024px\" \/>\t\t\t\t\t\t\t\t\t\t\t<figcaption class=\"widget-image-caption wp-caption-text\">oplus_0<\/figcaption>\n\t\t\t\t\t\t\t\t\t\t<\/figure>\n\t\t\t\t\t\t\t\t\t<\/div>\n\t\t\t\t<\/div>\n\t\t\t\t\t<\/div>\n\t\t<\/div>\n\t\t\t\t\t<\/div>\n\t\t<\/section>\n\t\t\t\t<section class=\"elementor-section elementor-top-section elementor-element elementor-element-908b6c7 elementor-section-boxed elementor-section-height-default elementor-section-height-default\" data-id=\"908b6c7\" data-element_type=\"section\" data-e-type=\"section\">\n\t\t\t\t\t\t<div class=\"elementor-container elementor-column-gap-default\">\n\t\t\t\t\t<div class=\"elementor-column elementor-col-100 elementor-top-column elementor-element elementor-element-5bf7d9f\" data-id=\"5bf7d9f\" data-element_type=\"column\" data-e-type=\"column\">\n\t\t\t<div class=\"elementor-widget-wrap elementor-element-populated\">\n\t\t\t\t\t\t<div class=\"elementor-element elementor-element-edabb82 elementor-widget elementor-widget-text-editor\" data-id=\"edabb82\" data-element_type=\"widget\" data-e-type=\"widget\" data-widget_type=\"text-editor.default\">\n\t\t\t\t<div class=\"elementor-widget-container\">\n\t\t\t\t\t\t\t\t\t<p>In addition, technical visits were made to the two intervention areas. The first, on the afternoon of Tuesday, 22, to section 2, between Osera de Ebro and Fuentes de Ebro (Zaragoza), where the progress of the adaptation of the irrigation infrastructure of the Huerta del Ebro Irrigation Community was checked and the implementation area of the future Lateral Flow Buffer Zones was visited.<\/p>\n<p><strong>Pilot project<\/strong><\/p>\n<p>In this area, a novel intervention is proposed to make an intensively cultivated agricultural area compatible with the passage of floods.<\/p>\n\t\t\t\t\t\t\t\t<\/div>\n\t\t\t\t<\/div>\n\t\t\t\t\t<\/div>\n\t\t<\/div>\n\t\t\t\t\t<\/div>\n\t\t<\/section>\n\t\t\t\t<section class=\"elementor-section elementor-top-section elementor-element elementor-element-99321f0 elementor-section-boxed elementor-section-height-default elementor-section-height-default\" data-id=\"99321f0\" data-element_type=\"section\" data-e-type=\"section\">\n\t\t\t\t\t\t<div class=\"elementor-container elementor-column-gap-default\">\n\t\t\t\t\t<div class=\"elementor-column elementor-col-50 elementor-top-column elementor-element elementor-element-ff7b66e\" data-id=\"ff7b66e\" data-element_type=\"column\" data-e-type=\"column\">\n\t\t\t<div class=\"elementor-widget-wrap elementor-element-populated\">\n\t\t\t\t\t\t<div class=\"elementor-element elementor-element-471d4df elementor-widget elementor-widget-image\" data-id=\"471d4df\" data-element_type=\"widget\" data-e-type=\"widget\" data-widget_type=\"image.default\">\n\t\t\t\t<div class=\"elementor-widget-container\">\n\t\t\t\t\t\t\t\t\t\t\t\t<figure class=\"wp-caption\">\n\t\t\t\t\t\t\t\t\t\t<img decoding=\"async\" width=\"225\" height=\"300\" src=\"https:\/\/www.ebroresilience.com\/wp-content\/uploads\/2024\/05\/SOTO-AGUILAR-7-225x300.jpeg\" class=\"attachment-medium size-medium wp-image-11460\" alt=\"Visita al Soto de Aguilar en Fuentes de Ebro (Zaragoza) durante la jornada de monitoreo del Programa LIFE\" srcset=\"https:\/\/www.ebroresilience.com\/wp-content\/uploads\/2024\/05\/SOTO-AGUILAR-7-225x300.jpeg 225w, https:\/\/www.ebroresilience.com\/wp-content\/uploads\/2024\/05\/SOTO-AGUILAR-7-768x1024.jpeg 768w, https:\/\/www.ebroresilience.com\/wp-content\/uploads\/2024\/05\/SOTO-AGUILAR-7-1152x1536.jpeg 1152w, https:\/\/www.ebroresilience.com\/wp-content\/uploads\/2024\/05\/SOTO-AGUILAR-7-110x146.jpeg 110w, https:\/\/www.ebroresilience.com\/wp-content\/uploads\/2024\/05\/SOTO-AGUILAR-7-38x50.jpeg 38w, https:\/\/www.ebroresilience.com\/wp-content\/uploads\/2024\/05\/SOTO-AGUILAR-7-56x75.jpeg 56w, https:\/\/www.ebroresilience.com\/wp-content\/uploads\/2024\/05\/SOTO-AGUILAR-7.jpeg 1200w\" sizes=\"(max-width:767px) 225px, 225px\" \/>\t\t\t\t\t\t\t\t\t\t\t<figcaption class=\"widget-image-caption wp-caption-text\">Visita al Soto de Aguilar en Fuentes de Ebro (Zaragoza) durante la jornada de monitoreo del Programa LIFE<\/figcaption>\n\t\t\t\t\t\t\t\t\t\t<\/figure>\n\t\t\t\t\t\t\t\t\t<\/div>\n\t\t\t\t<\/div>\n\t\t\t\t\t<\/div>\n\t\t<\/div>\n\t\t\t\t<div class=\"elementor-column elementor-col-50 elementor-top-column elementor-element elementor-element-60b0431\" data-id=\"60b0431\" data-element_type=\"column\" data-e-type=\"column\">\n\t\t\t<div class=\"elementor-widget-wrap elementor-element-populated\">\n\t\t\t\t\t\t<div class=\"elementor-element elementor-element-c2b4bed elementor-widget elementor-widget-image\" data-id=\"c2b4bed\" data-element_type=\"widget\" data-e-type=\"widget\" data-widget_type=\"image.default\">\n\t\t\t\t<div class=\"elementor-widget-container\">\n\t\t\t\t\t\t\t\t\t\t\t\t<figure class=\"wp-caption\">\n\t\t\t\t\t\t\t\t\t\t<img decoding=\"async\" width=\"1024\" height=\"576\" src=\"https:\/\/www.ebroresilience.com\/wp-content\/uploads\/2024\/05\/ACEQUIA-FUENTES-1024x576.jpeg\" class=\"attachment-large size-large wp-image-11462\" alt=\"Visita a los trabajos de adaptaci\u00f3n del sistema de riego en Fuentes de Ebro (Zaragoza) durante la jornada de monitoreo del Programa LIFE\" srcset=\"https:\/\/www.ebroresilience.com\/wp-content\/uploads\/2024\/05\/ACEQUIA-FUENTES-1024x576.jpeg 1024w, https:\/\/www.ebroresilience.com\/wp-content\/uploads\/2024\/05\/ACEQUIA-FUENTES-300x169.jpeg 300w, https:\/\/www.ebroresilience.com\/wp-content\/uploads\/2024\/05\/ACEQUIA-FUENTES-768x432.jpeg 768w, https:\/\/www.ebroresilience.com\/wp-content\/uploads\/2024\/05\/ACEQUIA-FUENTES-1536x864.jpeg 1536w, https:\/\/www.ebroresilience.com\/wp-content\/uploads\/2024\/05\/ACEQUIA-FUENTES-260x146.jpeg 260w, https:\/\/www.ebroresilience.com\/wp-content\/uploads\/2024\/05\/ACEQUIA-FUENTES-50x28.jpeg 50w, https:\/\/www.ebroresilience.com\/wp-content\/uploads\/2024\/05\/ACEQUIA-FUENTES-133x75.jpeg 133w, https:\/\/www.ebroresilience.com\/wp-content\/uploads\/2024\/05\/ACEQUIA-FUENTES.jpeg 2048w\" sizes=\"(max-width:767px) 480px, (max-width:1024px) 100vw, 1024px\" \/>\t\t\t\t\t\t\t\t\t\t\t<figcaption class=\"widget-image-caption wp-caption-text\">Visita a los trabajos de adaptaci\u00f3n del sistema de riego en Fuentes de Ebro (Zaragoza) durante la jornada de monitoreo del Programa LIFE<\/figcaption>\n\t\t\t\t\t\t\t\t\t\t<\/figure>\n\t\t\t\t\t\t\t\t\t<\/div>\n\t\t\t\t<\/div>\n\t\t\t\t\t<\/div>\n\t\t<\/div>\n\t\t\t\t\t<\/div>\n\t\t<\/section>\n\t\t\t\t<section class=\"elementor-section elementor-top-section elementor-element elementor-element-be6bd45 elementor-section-boxed elementor-section-height-default elementor-section-height-default\" data-id=\"be6bd45\" data-element_type=\"section\" data-e-type=\"section\">\n\t\t\t\t\t\t<div class=\"elementor-container elementor-column-gap-default\">\n\t\t\t\t\t<div class=\"elementor-column elementor-col-100 elementor-top-column elementor-element elementor-element-9c1bd66\" data-id=\"9c1bd66\" data-element_type=\"column\" data-e-type=\"column\">\n\t\t\t<div class=\"elementor-widget-wrap elementor-element-populated\">\n\t\t\t\t\t\t<div class=\"elementor-element elementor-element-fb3fa23 elementor-widget elementor-widget-text-editor\" data-id=\"fb3fa23\" data-element_type=\"widget\" data-e-type=\"widget\" data-widget_type=\"text-editor.default\">\n\t\t\t\t<div class=\"elementor-widget-container\">\n\t\t\t\t\t\t\t\t\t<p>For this purpose, the creation of lateral flow buffer zones has been planned. These buffer zones will compartmentalize farms into areas that will be pre-flooded just before the levees overflow, creating water buffers that will minimize damage to farms and infrastructure.<\/p>\n<p>In addition, the capacity of the riverbed will be increased by recovering fluvial space through the recessing of two sections of the defense dike. These new river areas will be environmentally restored.<\/p>\n<p>The works for the implementation of the lateral flow buffer zones and the recovery of fluvial space will be undertaken by TRAGSA under the direction of the CHE. The Government of Aragon will carry out the adaptation of the irrigation system and environmental restoration.<\/p>\n\t\t\t\t\t\t\t\t<\/div>\n\t\t\t\t<\/div>\n\t\t\t\t\t<\/div>\n\t\t<\/div>\n\t\t\t\t\t<\/div>\n\t\t<\/section>\n\t\t\t\t<section class=\"elementor-section elementor-top-section elementor-element elementor-element-e333b71 elementor-section-boxed elementor-section-height-default elementor-section-height-default\" data-id=\"e333b71\" data-element_type=\"section\" data-e-type=\"section\">\n\t\t\t\t\t\t<div class=\"elementor-container elementor-column-gap-default\">\n\t\t\t\t\t<div class=\"elementor-column elementor-col-100 elementor-top-column elementor-element elementor-element-6b769c5\" data-id=\"6b769c5\" data-element_type=\"column\" data-e-type=\"column\">\n\t\t\t<div class=\"elementor-widget-wrap elementor-element-populated\">\n\t\t\t\t\t\t<div class=\"elementor-element elementor-element-c738d47 elementor-widget elementor-widget-text-editor\" data-id=\"c738d47\" data-element_type=\"widget\" data-e-type=\"widget\" data-widget_type=\"text-editor.default\">\n\t\t\t\t<div class=\"elementor-widget-container\">\n\t\t\t\t\t\t\t\t\t<p><strong>Alfaro-Castej\u00f3n<\/strong><\/p>\n<p>On the following day, the interventions in the meander of La Roza, in Alfaro (La Rioja) were visited; the opening of arms in the soto de Alfaro, recently started, and the area of future action in the Soto del Se\u00f1or\u00edo, in Castej\u00f3n (Navarra).<\/p>\n\t\t\t\t\t\t\t\t<\/div>\n\t\t\t\t<\/div>\n\t\t\t\t\t<\/div>\n\t\t<\/div>\n\t\t\t\t\t<\/div>\n\t\t<\/section>\n\t\t\t\t<section class=\"elementor-section elementor-top-section elementor-element elementor-element-ec9395b elementor-section-boxed elementor-section-height-default elementor-section-height-default\" data-id=\"ec9395b\" data-element_type=\"section\" data-e-type=\"section\">\n\t\t\t\t\t\t<div class=\"elementor-container elementor-column-gap-default\">\n\t\t\t\t\t<div class=\"elementor-column elementor-col-50 elementor-top-column elementor-element elementor-element-e2e4f96\" data-id=\"e2e4f96\" data-element_type=\"column\" data-e-type=\"column\">\n\t\t\t<div class=\"elementor-widget-wrap elementor-element-populated\">\n\t\t\t\t\t\t<div class=\"elementor-element elementor-element-c235cba elementor-widget elementor-widget-image\" data-id=\"c235cba\" data-element_type=\"widget\" data-e-type=\"widget\" data-widget_type=\"image.default\">\n\t\t\t\t<div class=\"elementor-widget-container\">\n\t\t\t\t\t\t\t\t\t\t\t\t\t\t\t<img loading=\"lazy\" decoding=\"async\" width=\"1024\" height=\"768\" src=\"https:\/\/www.ebroresilience.com\/wp-content\/uploads\/2024\/05\/WhatsApp-Image-2024-05-22-at-13.16.57-1024x768.jpeg\" class=\"attachment-large size-large wp-image-11464\" alt=\"Visita al meandro de La Roza, en Alfaro (La Rioja) durante el monitoreo del Programa LIFE\" srcset=\"https:\/\/www.ebroresilience.com\/wp-content\/uploads\/2024\/05\/WhatsApp-Image-2024-05-22-at-13.16.57-1024x768.jpeg 1024w, https:\/\/www.ebroresilience.com\/wp-content\/uploads\/2024\/05\/WhatsApp-Image-2024-05-22-at-13.16.57-300x225.jpeg 300w, https:\/\/www.ebroresilience.com\/wp-content\/uploads\/2024\/05\/WhatsApp-Image-2024-05-22-at-13.16.57-768x576.jpeg 768w, https:\/\/www.ebroresilience.com\/wp-content\/uploads\/2024\/05\/WhatsApp-Image-2024-05-22-at-13.16.57-1536x1152.jpeg 1536w, https:\/\/www.ebroresilience.com\/wp-content\/uploads\/2024\/05\/WhatsApp-Image-2024-05-22-at-13.16.57-195x146.jpeg 195w, https:\/\/www.ebroresilience.com\/wp-content\/uploads\/2024\/05\/WhatsApp-Image-2024-05-22-at-13.16.57-50x38.jpeg 50w, https:\/\/www.ebroresilience.com\/wp-content\/uploads\/2024\/05\/WhatsApp-Image-2024-05-22-at-13.16.57-100x75.jpeg 100w, https:\/\/www.ebroresilience.com\/wp-content\/uploads\/2024\/05\/WhatsApp-Image-2024-05-22-at-13.16.57-960x720.jpeg 960w, https:\/\/www.ebroresilience.com\/wp-content\/uploads\/2024\/05\/WhatsApp-Image-2024-05-22-at-13.16.57.jpeg 1600w\" sizes=\"(max-width:767px) 480px, (max-width:1024px) 100vw, 1024px\" \/>\t\t\t\t\t\t\t\t\t\t\t\t\t\t\t<\/div>\n\t\t\t\t<\/div>\n\t\t\t\t\t<\/div>\n\t\t<\/div>\n\t\t\t\t<div class=\"elementor-column elementor-col-50 elementor-top-column elementor-element elementor-element-c309f5e\" data-id=\"c309f5e\" data-element_type=\"column\" data-e-type=\"column\">\n\t\t\t<div class=\"elementor-widget-wrap elementor-element-populated\">\n\t\t\t\t\t\t<div class=\"elementor-element elementor-element-951242f elementor-widget elementor-widget-image\" data-id=\"951242f\" data-element_type=\"widget\" data-e-type=\"widget\" data-widget_type=\"image.default\">\n\t\t\t\t<div class=\"elementor-widget-container\">\n\t\t\t\t\t\t\t\t\t\t\t\t\t\t\t<img loading=\"lazy\" decoding=\"async\" width=\"1024\" height=\"768\" src=\"https:\/\/www.ebroresilience.com\/wp-content\/uploads\/2024\/05\/WhatsApp-Image-2024-05-22-at-10.42.33-1-1024x768.jpeg\" class=\"attachment-large size-large wp-image-11466\" alt=\"Visita a los trabajos del Soto de Alfaro (La Rioja) durante el monitoreo del Programa LIFE\" srcset=\"https:\/\/www.ebroresilience.com\/wp-content\/uploads\/2024\/05\/WhatsApp-Image-2024-05-22-at-10.42.33-1-1024x768.jpeg 1024w, https:\/\/www.ebroresilience.com\/wp-content\/uploads\/2024\/05\/WhatsApp-Image-2024-05-22-at-10.42.33-1-300x225.jpeg 300w, https:\/\/www.ebroresilience.com\/wp-content\/uploads\/2024\/05\/WhatsApp-Image-2024-05-22-at-10.42.33-1-768x576.jpeg 768w, https:\/\/www.ebroresilience.com\/wp-content\/uploads\/2024\/05\/WhatsApp-Image-2024-05-22-at-10.42.33-1-1536x1153.jpeg 1536w, https:\/\/www.ebroresilience.com\/wp-content\/uploads\/2024\/05\/WhatsApp-Image-2024-05-22-at-10.42.33-1-195x146.jpeg 195w, https:\/\/www.ebroresilience.com\/wp-content\/uploads\/2024\/05\/WhatsApp-Image-2024-05-22-at-10.42.33-1-50x38.jpeg 50w, https:\/\/www.ebroresilience.com\/wp-content\/uploads\/2024\/05\/WhatsApp-Image-2024-05-22-at-10.42.33-1-100x75.jpeg 100w, https:\/\/www.ebroresilience.com\/wp-content\/uploads\/2024\/05\/WhatsApp-Image-2024-05-22-at-10.42.33-1-960x720.jpeg 960w, https:\/\/www.ebroresilience.com\/wp-content\/uploads\/2024\/05\/WhatsApp-Image-2024-05-22-at-10.42.33-1.jpeg 1599w\" sizes=\"(max-width:767px) 480px, (max-width:1024px) 100vw, 1024px\" \/>\t\t\t\t\t\t\t\t\t\t\t\t\t\t\t<\/div>\n\t\t\t\t<\/div>\n\t\t\t\t\t<\/div>\n\t\t<\/div>\n\t\t\t\t\t<\/div>\n\t\t<\/section>\n\t\t\t\t<section class=\"elementor-section elementor-top-section elementor-element elementor-element-4df6716 elementor-section-boxed elementor-section-height-default elementor-section-height-default\" data-id=\"4df6716\" data-element_type=\"section\" data-e-type=\"section\">\n\t\t\t\t\t\t<div class=\"elementor-container elementor-column-gap-default\">\n\t\t\t\t\t<div class=\"elementor-column elementor-col-100 elementor-top-column elementor-element elementor-element-a87b4f4\" data-id=\"a87b4f4\" data-element_type=\"column\" data-e-type=\"column\">\n\t\t\t<div class=\"elementor-widget-wrap elementor-element-populated\">\n\t\t\t\t\t\t<div class=\"elementor-element elementor-element-9b27519 elementor-widget elementor-widget-text-editor\" data-id=\"9b27519\" data-element_type=\"widget\" data-e-type=\"widget\" data-widget_type=\"text-editor.default\">\n\t\t\t\t<div class=\"elementor-widget-container\">\n\t\t\t\t\t\t\t\t\t<p>The actions, integrated in the so-called combined section of actions, will have a <strong>positive effect on more than 500 hectares of agricultural use<\/strong>, reducing the risk of flooding and allowing the <strong>recovery of 60 hectares of river space<\/strong>.<\/p>\n<p>The proposal consists of the  <strong>sum of shares<\/strong>  such as the reconnection of meanders, the creation of relief channels, the recovery of old river branches and the enlargement of the river space,  <strong>together, offer an overall benefit with respect to flood risk and the environmental condition of the river.<\/strong>measurable at section level.<\/p>\n<\/p>\n<ul>\n<li><strong>Soto de Alfaro<\/strong>(or Soto de Tamarigal): action for the recovery of river branches.<\/li>\n<li>Morphological adaptation of the<strong>La Roza <\/strong>meander<strong>, in Alfaro, La Rioja <\/strong>, executed in the absence of environmental restoration and planting, which includes the recovery of 22 hectares of fluvial space and has involved a defense setback, the creation of a relief channel and a wetland. In addition, the hydraulic capacity of the railroad bridge has been improved in this section.<\/li>\n<li>Morphological adaptation of the El Se\u00f1or\u00edo meander, in Castej\u00f3n, Navarra, also scheduled for 2024, where 23 hectares of river space will be recovered through the recessing of defenses and the creation of a relief channel.<\/li>\n<\/ul>\n<p><strong> <\/strong><strong style=\"color: var( --e-global-color-text ); letter-spacing: 0px;\">Positive Balance<\/strong><\/p>\n<p>During these days, some of the strong points of the project have been verified, in addition to the technical actions themselves:<\/p>\n<ul>\n<li>Coordination between partners<\/li>\n<li>The replicability of these measures in other watercourses, in the Ebro basin or in Spanish and European basins.<\/li>\n<li>A firm commitment to participation and social capacity building<\/li>\n<\/ul>\n\t\t\t\t\t\t\t\t<\/div>\n\t\t\t\t<\/div>\n\t\t\t\t\t<\/div>\n\t\t<\/div>\n\t\t\t\t\t<\/div>\n\t\t<\/section>\n\t\t\t\t<section class=\"elementor-section elementor-top-section elementor-element elementor-element-90bd70e elementor-section-boxed elementor-section-height-default elementor-section-height-default\" data-id=\"90bd70e\" data-element_type=\"section\" data-e-type=\"section\">\n\t\t\t\t\t\t<div class=\"elementor-container elementor-column-gap-default\">\n\t\t\t\t\t<div class=\"elementor-column elementor-col-100 elementor-top-column elementor-element elementor-element-d912484\" data-id=\"d912484\" data-element_type=\"column\" data-e-type=\"column\">\n\t\t\t<div class=\"elementor-widget-wrap elementor-element-populated\">\n\t\t\t\t\t\t<div class=\"elementor-element elementor-element-6809000 elementor-widget elementor-widget-image\" data-id=\"6809000\" data-element_type=\"widget\" data-e-type=\"widget\" data-widget_type=\"image.default\">\n\t\t\t\t<div class=\"elementor-widget-container\">\n\t\t\t\t\t\t\t\t\t\t\t\t\t\t\t<img loading=\"lazy\" decoding=\"async\" width=\"1024\" height=\"461\" src=\"https:\/\/www.ebroresilience.com\/wp-content\/uploads\/2024\/05\/GRUPO-BANDERA-SOTO-AGUILAR-3-1024x461.jpeg\" class=\"attachment-large size-large wp-image-11468\" alt=\"Grupo con bandera en la visita al Soto Aguilar, en Fuentes de Ebro, durante la visita del monitor del programa LIFE\" srcset=\"https:\/\/www.ebroresilience.com\/wp-content\/uploads\/2024\/05\/GRUPO-BANDERA-SOTO-AGUILAR-3-1024x461.jpeg 1024w, https:\/\/www.ebroresilience.com\/wp-content\/uploads\/2024\/05\/GRUPO-BANDERA-SOTO-AGUILAR-3-300x135.jpeg 300w, https:\/\/www.ebroresilience.com\/wp-content\/uploads\/2024\/05\/GRUPO-BANDERA-SOTO-AGUILAR-3-768x346.jpeg 768w, https:\/\/www.ebroresilience.com\/wp-content\/uploads\/2024\/05\/GRUPO-BANDERA-SOTO-AGUILAR-3-1536x691.jpeg 1536w, https:\/\/www.ebroresilience.com\/wp-content\/uploads\/2024\/05\/GRUPO-BANDERA-SOTO-AGUILAR-3-260x117.jpeg 260w, https:\/\/www.ebroresilience.com\/wp-content\/uploads\/2024\/05\/GRUPO-BANDERA-SOTO-AGUILAR-3-50x23.jpeg 50w, https:\/\/www.ebroresilience.com\/wp-content\/uploads\/2024\/05\/GRUPO-BANDERA-SOTO-AGUILAR-3-150x68.jpeg 150w, https:\/\/www.ebroresilience.com\/wp-content\/uploads\/2024\/05\/GRUPO-BANDERA-SOTO-AGUILAR-3.jpeg 1600w\" sizes=\"(max-width:767px) 480px, (max-width:1024px) 100vw, 1024px\" \/>\t\t\t\t\t\t\t\t\t\t\t\t\t\t\t<\/div>\n\t\t\t\t<\/div>\n\t\t\t\t\t<\/div>\n\t\t<\/div>\n\t\t\t\t\t<\/div>\n\t\t<\/section>\n\t\t\t\t<\/div>\n\t\t","protected":false},"excerpt":{"rendered":"<p>Periodic monitoring to review and check the status of all actions, schedule the next milestones and resolve possible doubts.<\/p>\n","protected":false},"author":5,"featured_media":11453,"comment_status":"closed","ping_status":"closed","sticky":false,"template":"","format":"standard","meta":{"_acf_changed":false,"ngg_post_thumbnail":0,"footnotes":""},"categories":[377,369],"tags":[380,411,387,399,398,381,564,565,395,379],"class_list":["post-11475","post","type-post","status-publish","format-standard","has-post-thumbnail","hentry","category-life-en","category-news","tag-alfaro-en","tag-castejon-en","tag-ebro-en","tag-ebro-springs","tag-flood","tag-life-ebro-resilience-p1-en","tag-life-program","tag-monitors","tag-participation","tag-restoration"],"acf":[],"publishpress_future_action":{"enabled":false,"date":"2026-05-07 01:22:58","action":"change-status","newStatus":"draft","terms":[],"taxonomy":"category","extraData":[]},"publishpress_future_workflow_manual_trigger":{"enabledWorkflows":[]},"_links":{"self":[{"href":"https:\/\/www.ebroresilience.com\/en\/wp-json\/wp\/v2\/posts\/11475","targetHints":{"allow":["GET"]}}],"collection":[{"href":"https:\/\/www.ebroresilience.com\/en\/wp-json\/wp\/v2\/posts"}],"about":[{"href":"https:\/\/www.ebroresilience.com\/en\/wp-json\/wp\/v2\/types\/post"}],"author":[{"embeddable":true,"href":"https:\/\/www.ebroresilience.com\/en\/wp-json\/wp\/v2\/users\/5"}],"replies":[{"embeddable":true,"href":"https:\/\/www.ebroresilience.com\/en\/wp-json\/wp\/v2\/comments?post=11475"}],"version-history":[{"count":4,"href":"https:\/\/www.ebroresilience.com\/en\/wp-json\/wp\/v2\/posts\/11475\/revisions"}],"predecessor-version":[{"id":11479,"href":"https:\/\/www.ebroresilience.com\/en\/wp-json\/wp\/v2\/posts\/11475\/revisions\/11479"}],"wp:featuredmedia":[{"embeddable":true,"href":"https:\/\/www.ebroresilience.com\/en\/wp-json\/wp\/v2\/media\/11453"}],"wp:attachment":[{"href":"https:\/\/www.ebroresilience.com\/en\/wp-json\/wp\/v2\/media?parent=11475"}],"wp:term":[{"taxonomy":"category","embeddable":true,"href":"https:\/\/www.ebroresilience.com\/en\/wp-json\/wp\/v2\/categories?post=11475"},{"taxonomy":"post_tag","embeddable":true,"href":"https:\/\/www.ebroresilience.com\/en\/wp-json\/wp\/v2\/tags?post=11475"}],"curies":[{"name":"wp","href":"https:\/\/api.w.org\/{rel}","templated":true}]}}