{"id":11329,"date":"2024-05-13T14:02:14","date_gmt":"2024-05-13T12:02:14","guid":{"rendered":"https:\/\/www.ebroresilience.com\/walking-rivers-life-ebro-resilience-project-participates-in-the-worldwide-experience-of-walking-rivers\/"},"modified":"2024-05-13T15:16:44","modified_gmt":"2024-05-13T13:16:44","slug":"walking-rivers-life-ebro-resilience-project-participates-in-the-worldwide-experience-of-walking-rivers","status":"publish","type":"post","link":"https:\/\/www.ebroresilience.com\/en\/walking-rivers-life-ebro-resilience-project-participates-in-the-worldwide-experience-of-walking-rivers\/","title":{"rendered":"Walking Rivers: LIFE Ebro Resilience Project participates in this worldwide experience"},"content":{"rendered":"\t\t<div data-elementor-type=\"wp-post\" data-elementor-id=\"11329\" class=\"elementor elementor-11329 elementor-11298\" data-elementor-post-type=\"post\">\n\t\t\t\t\t\t<section class=\"elementor-section elementor-top-section elementor-element elementor-element-89d3806 elementor-section-boxed elementor-section-height-default elementor-section-height-default\" data-id=\"89d3806\" data-element_type=\"section\" data-e-type=\"section\">\n\t\t\t\t\t\t<div class=\"elementor-container elementor-column-gap-default\">\n\t\t\t\t\t<div class=\"elementor-column elementor-col-100 elementor-top-column elementor-element elementor-element-a60ba0e\" data-id=\"a60ba0e\" data-element_type=\"column\" data-e-type=\"column\">\n\t\t\t<div class=\"elementor-widget-wrap elementor-element-populated\">\n\t\t\t\t\t\t<div class=\"elementor-element elementor-element-1987085 elementor-widget elementor-widget-text-editor\" data-id=\"1987085\" data-element_type=\"widget\" data-e-type=\"widget\" data-widget_type=\"text-editor.default\">\n\t\t\t\t<div class=\"elementor-widget-container\">\n\t\t\t\t\t\t\t\t\t<p>The <em>Walking Rivers<\/em> global experience reached the middle stretch of the Ebro River through our LIFE Ebro Resilience P1 project. On May 11, we went out into the field along with nearly 100 other proposals on five continents, to walk along the river to learn and enjoy. In our case we completed a 7 km route between the meanders of El Se\u00f1or\u00edo (Castej\u00f3n, Navarra) and La Roza (Alfaro, La Rioja).<\/p>\n<p><a href=\"https:\/\/cirefluvial.com\/walkingrivers\/\"><br \/>\n  <em>Walking Rivers<\/em><br \/>\n<\/a>is an initiative organized by the Iberian Center for River Restoration (CIREF); Wetlands International; the LIFE program; the Walking the Water project and the Bot\u00edn Foundation and its objective is to raise awareness of river courses from the local to the international level.<\/p>\n<p>LIFE Ebro Resilience P1 would like to thank many people for their participation in this conference, in which we talked about the Ebro, the copses and meadows, but also, of course, about the phenomenon of flooding and the actions implemented and proposed in this Project to reduce the risk in the middle section (recovery of river space, river restoration and adaptation).<\/p>\n\t\t\t\t\t\t\t\t<\/div>\n\t\t\t\t<\/div>\n\t\t\t\t\t<\/div>\n\t\t<\/div>\n\t\t\t\t\t<\/div>\n\t\t<\/section>\n\t\t\t\t<section class=\"elementor-section elementor-top-section elementor-element elementor-element-6b57bac elementor-section-boxed elementor-section-height-default elementor-section-height-default\" data-id=\"6b57bac\" data-element_type=\"section\" data-e-type=\"section\">\n\t\t\t\t\t\t<div class=\"elementor-container elementor-column-gap-default\">\n\t\t\t\t\t<div class=\"elementor-column elementor-col-50 elementor-top-column elementor-element elementor-element-a6ffaf2\" data-id=\"a6ffaf2\" data-element_type=\"column\" data-e-type=\"column\">\n\t\t\t<div class=\"elementor-widget-wrap elementor-element-populated\">\n\t\t\t\t\t\t<div class=\"elementor-element elementor-element-7e78cf7 elementor-widget elementor-widget-image\" data-id=\"7e78cf7\" data-element_type=\"widget\" data-e-type=\"widget\" data-widget_type=\"image.default\">\n\t\t\t\t<div class=\"elementor-widget-container\">\n\t\t\t\t\t\t\t\t\t\t\t\t\t\t\t<img fetchpriority=\"high\" decoding=\"async\" width=\"1024\" height=\"768\" src=\"https:\/\/www.ebroresilience.com\/wp-content\/uploads\/2024\/05\/IMG20240511110538-1024x768.jpg\" class=\"attachment-large size-large wp-image-11311\" alt=\"Walking Rivers. Ruta realizada por el Proyecto LIFE Ebro Resilience P1 entre los meandros de El Se\u00f1or\u00edo y La Roza, integr\u00e1ndose en la experiencia mundial de caminar los r\u00edos 2.\" srcset=\"https:\/\/www.ebroresilience.com\/wp-content\/uploads\/2024\/05\/IMG20240511110538-1024x768.jpg 1024w, https:\/\/www.ebroresilience.com\/wp-content\/uploads\/2024\/05\/IMG20240511110538-300x225.jpg 300w, https:\/\/www.ebroresilience.com\/wp-content\/uploads\/2024\/05\/IMG20240511110538-768x576.jpg 768w, https:\/\/www.ebroresilience.com\/wp-content\/uploads\/2024\/05\/IMG20240511110538-1536x1152.jpg 1536w, https:\/\/www.ebroresilience.com\/wp-content\/uploads\/2024\/05\/IMG20240511110538-2048x1536.jpg 2048w, https:\/\/www.ebroresilience.com\/wp-content\/uploads\/2024\/05\/IMG20240511110538-195x146.jpg 195w, https:\/\/www.ebroresilience.com\/wp-content\/uploads\/2024\/05\/IMG20240511110538-50x38.jpg 50w, https:\/\/www.ebroresilience.com\/wp-content\/uploads\/2024\/05\/IMG20240511110538-100x75.jpg 100w, https:\/\/www.ebroresilience.com\/wp-content\/uploads\/2024\/05\/IMG20240511110538-960x720.jpg 960w\" sizes=\"(max-width:767px) 480px, (max-width:1024px) 100vw, 1024px\" \/>\t\t\t\t\t\t\t\t\t\t\t\t\t\t\t<\/div>\n\t\t\t\t<\/div>\n\t\t\t\t\t<\/div>\n\t\t<\/div>\n\t\t\t\t<div class=\"elementor-column elementor-col-50 elementor-top-column elementor-element elementor-element-f829889\" data-id=\"f829889\" data-element_type=\"column\" data-e-type=\"column\">\n\t\t\t<div class=\"elementor-widget-wrap elementor-element-populated\">\n\t\t\t\t\t\t<div class=\"elementor-element elementor-element-005c95c elementor-widget elementor-widget-image\" data-id=\"005c95c\" data-element_type=\"widget\" data-e-type=\"widget\" data-widget_type=\"image.default\">\n\t\t\t\t<div class=\"elementor-widget-container\">\n\t\t\t\t\t\t\t\t\t\t\t\t\t\t\t<img decoding=\"async\" width=\"1024\" height=\"768\" src=\"https:\/\/www.ebroresilience.com\/wp-content\/uploads\/2024\/05\/IMG20240511113256-1024x768.jpg\" class=\"attachment-large size-large wp-image-11302\" alt=\"Walking Rivers. Ruta realizada por el Proyecto LIFE Ebro Resilience P1 entre los meandros de El Se\u00f1or\u00edo y La Roza, integr\u00e1ndose en la experiencia mundial de caminar los r\u00edos.\" srcset=\"https:\/\/www.ebroresilience.com\/wp-content\/uploads\/2024\/05\/IMG20240511113256-1024x768.jpg 1024w, https:\/\/www.ebroresilience.com\/wp-content\/uploads\/2024\/05\/IMG20240511113256-300x225.jpg 300w, https:\/\/www.ebroresilience.com\/wp-content\/uploads\/2024\/05\/IMG20240511113256-768x576.jpg 768w, https:\/\/www.ebroresilience.com\/wp-content\/uploads\/2024\/05\/IMG20240511113256-1536x1152.jpg 1536w, https:\/\/www.ebroresilience.com\/wp-content\/uploads\/2024\/05\/IMG20240511113256-2048x1536.jpg 2048w, https:\/\/www.ebroresilience.com\/wp-content\/uploads\/2024\/05\/IMG20240511113256-195x146.jpg 195w, https:\/\/www.ebroresilience.com\/wp-content\/uploads\/2024\/05\/IMG20240511113256-50x38.jpg 50w, https:\/\/www.ebroresilience.com\/wp-content\/uploads\/2024\/05\/IMG20240511113256-100x75.jpg 100w, https:\/\/www.ebroresilience.com\/wp-content\/uploads\/2024\/05\/IMG20240511113256-960x720.jpg 960w\" sizes=\"(max-width:767px) 480px, (max-width:1024px) 100vw, 1024px\" \/>\t\t\t\t\t\t\t\t\t\t\t\t\t\t\t<\/div>\n\t\t\t\t<\/div>\n\t\t\t\t\t<\/div>\n\t\t<\/div>\n\t\t\t\t\t<\/div>\n\t\t<\/section>\n\t\t\t\t<section class=\"elementor-section elementor-top-section elementor-element elementor-element-cdc9a0d elementor-section-boxed elementor-section-height-default elementor-section-height-default\" data-id=\"cdc9a0d\" data-element_type=\"section\" data-e-type=\"section\">\n\t\t\t\t\t\t<div class=\"elementor-container elementor-column-gap-default\">\n\t\t\t\t\t<div class=\"elementor-column elementor-col-100 elementor-top-column elementor-element elementor-element-fc4e220\" data-id=\"fc4e220\" data-element_type=\"column\" data-e-type=\"column\">\n\t\t\t<div class=\"elementor-widget-wrap elementor-element-populated\">\n\t\t\t\t\t\t<div class=\"elementor-element elementor-element-30695e1 elementor-widget elementor-widget-text-editor\" data-id=\"30695e1\" data-element_type=\"widget\" data-e-type=\"widget\" data-widget_type=\"text-editor.default\">\n\t\t\t\t<div class=\"elementor-widget-container\">\n\t\t\t\t\t\t\t\t\t<p>For the diffusion we had the support of the City Councils of Castej\u00f3n and Alfaro, and other surrounding municipalities that also echoed, attracting groups of family and friends.<\/p>\n<p>In addition, in the river we also show one of the keys to this project, the coordination of the Administrations. Technical colleagues from the Government of La Rioja, Environmental Management of Navarra (GAN-NIK), the Ebro Hydrographic Confederation (CHE &#8211; MITECO) and the public company TRAGSATEC, explained what we can find and enjoy in the groves and what <em>Ebro Resilience<\/em> does to reduce the risk of flooding.<\/p>\n\t\t\t\t\t\t\t\t<\/div>\n\t\t\t\t<\/div>\n\t\t\t\t\t<\/div>\n\t\t<\/div>\n\t\t\t\t\t<\/div>\n\t\t<\/section>\n\t\t\t\t<section class=\"elementor-section elementor-top-section elementor-element elementor-element-b366457 elementor-section-boxed elementor-section-height-default elementor-section-height-default\" data-id=\"b366457\" data-element_type=\"section\" data-e-type=\"section\">\n\t\t\t\t\t\t<div class=\"elementor-container elementor-column-gap-default\">\n\t\t\t\t\t<div class=\"elementor-column elementor-col-100 elementor-top-column elementor-element elementor-element-1224b42\" data-id=\"1224b42\" data-element_type=\"column\" data-e-type=\"column\">\n\t\t\t<div class=\"elementor-widget-wrap elementor-element-populated\">\n\t\t\t\t\t\t<div class=\"elementor-element elementor-element-27c81a5 elementor-widget elementor-widget-image\" data-id=\"27c81a5\" data-element_type=\"widget\" data-e-type=\"widget\" data-widget_type=\"image.default\">\n\t\t\t\t<div class=\"elementor-widget-container\">\n\t\t\t\t\t\t\t\t\t\t\t\t\t\t\t<img decoding=\"async\" width=\"1024\" height=\"768\" src=\"https:\/\/www.ebroresilience.com\/wp-content\/uploads\/2024\/05\/IMG20240511114447-1024x768.jpg\" class=\"attachment-large size-large wp-image-11306\" alt=\"Group photo of the participants in the route meander of El Se\u00f1or\u00edo - meander of La Roza integrated in the Walking Rivers initiative.\" srcset=\"https:\/\/www.ebroresilience.com\/wp-content\/uploads\/2024\/05\/IMG20240511114447-1024x768.jpg 1024w, https:\/\/www.ebroresilience.com\/wp-content\/uploads\/2024\/05\/IMG20240511114447-300x225.jpg 300w, https:\/\/www.ebroresilience.com\/wp-content\/uploads\/2024\/05\/IMG20240511114447-768x576.jpg 768w, https:\/\/www.ebroresilience.com\/wp-content\/uploads\/2024\/05\/IMG20240511114447-1536x1152.jpg 1536w, https:\/\/www.ebroresilience.com\/wp-content\/uploads\/2024\/05\/IMG20240511114447-2048x1536.jpg 2048w, https:\/\/www.ebroresilience.com\/wp-content\/uploads\/2024\/05\/IMG20240511114447-195x146.jpg 195w, https:\/\/www.ebroresilience.com\/wp-content\/uploads\/2024\/05\/IMG20240511114447-50x38.jpg 50w, https:\/\/www.ebroresilience.com\/wp-content\/uploads\/2024\/05\/IMG20240511114447-100x75.jpg 100w, https:\/\/www.ebroresilience.com\/wp-content\/uploads\/2024\/05\/IMG20240511114447-960x720.jpg 960w\" sizes=\"(max-width:767px) 480px, (max-width:1024px) 100vw, 1024px\" \/>\t\t\t\t\t\t\t\t\t\t\t\t\t\t\t<\/div>\n\t\t\t\t<\/div>\n\t\t\t\t\t<\/div>\n\t\t<\/div>\n\t\t\t\t\t<\/div>\n\t\t<\/section>\n\t\t\t\t<section class=\"elementor-section elementor-top-section elementor-element elementor-element-6f8f2b5 elementor-section-boxed elementor-section-height-default elementor-section-height-default\" data-id=\"6f8f2b5\" data-element_type=\"section\" data-e-type=\"section\">\n\t\t\t\t\t\t<div class=\"elementor-container elementor-column-gap-default\">\n\t\t\t\t\t<div class=\"elementor-column elementor-col-100 elementor-top-column elementor-element elementor-element-5855cf7\" data-id=\"5855cf7\" data-element_type=\"column\" data-e-type=\"column\">\n\t\t\t<div class=\"elementor-widget-wrap elementor-element-populated\">\n\t\t\t\t\t\t<div class=\"elementor-element elementor-element-bf3b18e elementor-widget elementor-widget-text-editor\" data-id=\"bf3b18e\" data-element_type=\"widget\" data-e-type=\"widget\" data-widget_type=\"text-editor.default\">\n\t\t\t\t<div class=\"elementor-widget-container\">\n\t\t\t\t\t\t\t\t\t<p><strong>El Se\u00f1or\u00edo &#8211; La Roza<\/strong><\/p>\n<p>The route is included in the intervention zone 1 of the LIFE Ebro Resilience P1 project, in what is called the combined section between Alfaro, La Rioja and Castej\u00f3n, Navarra, in the combined section that includes various proposals such as the reconnection of meanders, relief channels, recovery of old river branches and expansion of the river space.<\/p>\n<p>This intervention will have a positive effect on more than 500 hectares of agricultural land, reducing the risk of flooding and allowing the recovery of 60 hectares of river space.<\/p>\n<p>The proposal consists of the  <strong>sum of shares<\/strong>  such as the reconnection of meanders, the creation of relief channels, the recovery of old river branches and the enlargement of the river space,  <strong>together, offer an overall benefit with respect to flood risk and the environmental condition of the river.<\/strong>measurable at section level.<\/p>\n<p>But what are the interventions? Those defined in the LIFE Ebro Resilience P1 Project are as follows:<\/p>\n<ul>\n<li>Soto de Alfaro (or Soto de Tamarigal): action planned for 2024 for the recovery of river branches.<\/li>\n<li>Morphological adaptation of the meander of La Roza, in Alfaro, La Rioja, executed in the absence of environmental restoration and planting, which includes the recovery of 22 hectares of river space and has involved a defense setback, the creation of a relief channel and a wetland. In addition, the hydraulic capacity of the railroad bridge has been improved in this section.<\/li>\n<li><strong>Morphological adaptation of the El Se\u00f1or\u00edo meander<\/strong>, in Castej\u00f3n, Navarra, also scheduled for 2024, where 23 hectares of river space will be recovered by recessing defenses and creating a diversion channel.<\/li>\n<\/ul>\n\t\t\t\t\t\t\t\t<\/div>\n\t\t\t\t<\/div>\n\t\t\t\t\t<\/div>\n\t\t<\/div>\n\t\t\t\t\t<\/div>\n\t\t<\/section>\n\t\t\t\t<section class=\"elementor-section elementor-top-section elementor-element elementor-element-e46079f elementor-section-boxed elementor-section-height-default elementor-section-height-default\" data-id=\"e46079f\" data-element_type=\"section\" data-e-type=\"section\">\n\t\t\t\t\t\t<div class=\"elementor-container elementor-column-gap-default\">\n\t\t\t\t\t<div class=\"elementor-column elementor-col-100 elementor-top-column elementor-element elementor-element-cdb1cb7\" data-id=\"cdb1cb7\" data-element_type=\"column\" data-e-type=\"column\">\n\t\t\t<div class=\"elementor-widget-wrap elementor-element-populated\">\n\t\t\t\t\t\t<div class=\"elementor-element elementor-element-b197825 elementor-widget elementor-widget-video\" data-id=\"b197825\" data-element_type=\"widget\" data-e-type=\"widget\" data-settings=\"{&quot;youtube_url&quot;:&quot;https:\\\/\\\/www.youtube.com\\\/watch?v=aSLGsZ2ImoY&quot;,&quot;video_type&quot;:&quot;youtube&quot;,&quot;controls&quot;:&quot;yes&quot;}\" data-widget_type=\"video.default\">\n\t\t\t\t<div class=\"elementor-widget-container\">\n\t\t\t\t\t\t\t<div class=\"elementor-wrapper elementor-open-inline\">\n\t\t\t<div class=\"elementor-video\"><\/div>\t\t<\/div>\n\t\t\t\t\t\t<\/div>\n\t\t\t\t<\/div>\n\t\t\t\t\t<\/div>\n\t\t<\/div>\n\t\t\t\t\t<\/div>\n\t\t<\/section>\n\t\t\t\t<\/div>\n\t\t","protected":false},"excerpt":{"rendered":"<p>On May 11, we joined this initiative that led hundreds of people to walk the river paths in the five continents, and together with the riverside population we completed the route from the meander of El Se\u00f1or\u00edo (Castej\u00f3n, in Navarra) and the meander of La Roza (Alfaro, La Rioja).  <\/p>\n","protected":false},"author":5,"featured_media":11300,"comment_status":"closed","ping_status":"closed","sticky":false,"template":"","format":"standard","meta":{"_acf_changed":false,"ngg_post_thumbnail":0,"footnotes":""},"categories":[377,369],"tags":[380,411,387,398,519,381,395,379,562],"class_list":["post-11329","post","type-post","status-publish","format-standard","has-post-thumbnail","hentry","category-life-en","category-news","tag-alfaro-en","tag-castejon-en","tag-ebro-en","tag-flood","tag-guided-route","tag-life-ebro-resilience-p1-en","tag-participation","tag-restoration","tag-walking-rivers-en"],"acf":[],"publishpress_future_action":{"enabled":false,"date":"2026-05-07 03:08:00","action":"change-status","newStatus":"draft","terms":[],"taxonomy":"category","extraData":[]},"publishpress_future_workflow_manual_trigger":{"enabledWorkflows":[]},"_links":{"self":[{"href":"https:\/\/www.ebroresilience.com\/en\/wp-json\/wp\/v2\/posts\/11329","targetHints":{"allow":["GET"]}}],"collection":[{"href":"https:\/\/www.ebroresilience.com\/en\/wp-json\/wp\/v2\/posts"}],"about":[{"href":"https:\/\/www.ebroresilience.com\/en\/wp-json\/wp\/v2\/types\/post"}],"author":[{"embeddable":true,"href":"https:\/\/www.ebroresilience.com\/en\/wp-json\/wp\/v2\/users\/5"}],"replies":[{"embeddable":true,"href":"https:\/\/www.ebroresilience.com\/en\/wp-json\/wp\/v2\/comments?post=11329"}],"version-history":[{"count":3,"href":"https:\/\/www.ebroresilience.com\/en\/wp-json\/wp\/v2\/posts\/11329\/revisions"}],"predecessor-version":[{"id":11332,"href":"https:\/\/www.ebroresilience.com\/en\/wp-json\/wp\/v2\/posts\/11329\/revisions\/11332"}],"wp:featuredmedia":[{"embeddable":true,"href":"https:\/\/www.ebroresilience.com\/en\/wp-json\/wp\/v2\/media\/11300"}],"wp:attachment":[{"href":"https:\/\/www.ebroresilience.com\/en\/wp-json\/wp\/v2\/media?parent=11329"}],"wp:term":[{"taxonomy":"category","embeddable":true,"href":"https:\/\/www.ebroresilience.com\/en\/wp-json\/wp\/v2\/categories?post=11329"},{"taxonomy":"post_tag","embeddable":true,"href":"https:\/\/www.ebroresilience.com\/en\/wp-json\/wp\/v2\/tags?post=11329"}],"curies":[{"name":"wp","href":"https:\/\/api.w.org\/{rel}","templated":true}]}}