{"id":10821,"date":"2024-05-01T08:07:00","date_gmt":"2024-05-01T06:07:00","guid":{"rendered":"https:\/\/www.ebroresilience.com\/?p=10821"},"modified":"2024-05-06T10:43:26","modified_gmt":"2024-05-06T08:43:26","slug":"interpretative-descents-on-the-ebro-more-knowledge-about-the-river-and-the-resilience-actions","status":"publish","type":"post","link":"https:\/\/www.ebroresilience.com\/en\/interpretative-descents-on-the-ebro-more-knowledge-about-the-river-and-the-resilience-actions\/","title":{"rendered":"Interpretative descents on the Ebro: more knowledge about the river and the Resilience actions"},"content":{"rendered":"\t\t<div data-elementor-type=\"wp-post\" data-elementor-id=\"10821\" class=\"elementor elementor-10821 elementor-10796\" data-elementor-post-type=\"post\">\n\t\t\t\t\t\t<section class=\"elementor-section elementor-top-section elementor-element elementor-element-57daa3e elementor-section-boxed elementor-section-height-default elementor-section-height-default\" data-id=\"57daa3e\" data-element_type=\"section\" data-e-type=\"section\">\n\t\t\t\t\t\t<div class=\"elementor-container elementor-column-gap-default\">\n\t\t\t\t\t<div class=\"elementor-column elementor-col-100 elementor-top-column elementor-element elementor-element-d7b3399\" data-id=\"d7b3399\" data-element_type=\"column\" data-e-type=\"column\">\n\t\t\t<div class=\"elementor-widget-wrap elementor-element-populated\">\n\t\t\t\t\t\t<div class=\"elementor-element elementor-element-9e5fe41 elementor-widget elementor-widget-text-editor\" data-id=\"9e5fe41\" data-element_type=\"widget\" data-e-type=\"widget\" data-widget_type=\"text-editor.default\">\n\t\t\t\t<div class=\"elementor-widget-container\">\n\t\t\t\t\t\t\t\t\t<p>This April, one of the most attractive lines of actions for strengthening social capacities and increasing knowledge about the river was launched. Journalism students from the faculties of Aragon, students from the high schools of Alfaro and Castej\u00f3n or technicians from other projects have already made interpretative descents with us.<\/p>\n<p>The LIFE Ebro Resilience P1 project has a comprehensive<a href=\"https:\/\/bit.ly\/plan_fortalecimiento_capacidades\">  social capacity building plan,<\/a>  a document that gathers different proposals for interaction with sectors of the population to increase knowledge about the river, about the tools for self-protection against floods, about the competences of the Administrations, etc.<\/p>\n<p>The objective is to offer society new ways to participate more consciously in the construction of solutions to the effects of flooding in the middle stretch and to generate new interaction networks.<\/p>\n<p>One of the most attractive proposals for all audiences is the realization of interpretive descents that allow to know sections of intervention of the project or the Ebro Resilience Strategy from within the river itself. A new look that many have not had the opportunity to enjoy until now and that from the LIFE Ebro Resilience P1 project has been launched for professional sectors (education, communicators, primary sector&#8230;) and for the general population.<\/p>\n\t\t\t\t\t\t\t\t<\/div>\n\t\t\t\t<\/div>\n\t\t\t\t\t<\/div>\n\t\t<\/div>\n\t\t\t\t\t<\/div>\n\t\t<\/section>\n\t\t\t\t<section class=\"elementor-section elementor-top-section elementor-element elementor-element-4de558e elementor-section-boxed elementor-section-height-default elementor-section-height-default\" data-id=\"4de558e\" data-element_type=\"section\" data-e-type=\"section\">\n\t\t\t\t\t\t<div class=\"elementor-container elementor-column-gap-default\">\n\t\t\t\t\t<div class=\"elementor-column elementor-col-50 elementor-top-column elementor-element elementor-element-8bff5d5\" data-id=\"8bff5d5\" data-element_type=\"column\" data-e-type=\"column\">\n\t\t\t<div class=\"elementor-widget-wrap elementor-element-populated\">\n\t\t\t\t\t\t<div class=\"elementor-element elementor-element-8f187e8 elementor-widget elementor-widget-image\" data-id=\"8f187e8\" data-element_type=\"widget\" data-e-type=\"widget\" data-widget_type=\"image.default\">\n\t\t\t\t<div class=\"elementor-widget-container\">\n\t\t\t\t\t\t\t\t\t\t\t\t<figure class=\"wp-caption\">\n\t\t\t\t\t\t\t\t\t\t<img fetchpriority=\"high\" decoding=\"async\" width=\"1024\" height=\"768\" src=\"https:\/\/www.ebroresilience.com\/wp-content\/uploads\/2024\/04\/descenso-8-1024x768.jpg\" class=\"attachment-large size-large wp-image-10805\" alt=\"Descenso interpretativo de Remolinos a Caba\u00f1as de Ebro (Zaragoza) con estudiantes de Periodismo de las Universidades de Zaragoza y San Jorge\" srcset=\"https:\/\/www.ebroresilience.com\/wp-content\/uploads\/2024\/04\/descenso-8-1024x768.jpg 1024w, https:\/\/www.ebroresilience.com\/wp-content\/uploads\/2024\/04\/descenso-8-300x225.jpg 300w, https:\/\/www.ebroresilience.com\/wp-content\/uploads\/2024\/04\/descenso-8-768x576.jpg 768w, https:\/\/www.ebroresilience.com\/wp-content\/uploads\/2024\/04\/descenso-8-1536x1152.jpg 1536w, https:\/\/www.ebroresilience.com\/wp-content\/uploads\/2024\/04\/descenso-8-2048x1536.jpg 2048w, https:\/\/www.ebroresilience.com\/wp-content\/uploads\/2024\/04\/descenso-8-195x146.jpg 195w, https:\/\/www.ebroresilience.com\/wp-content\/uploads\/2024\/04\/descenso-8-50x38.jpg 50w, https:\/\/www.ebroresilience.com\/wp-content\/uploads\/2024\/04\/descenso-8-100x75.jpg 100w, https:\/\/www.ebroresilience.com\/wp-content\/uploads\/2024\/04\/descenso-8-960x720.jpg 960w\" sizes=\"(max-width:767px) 480px, (max-width:1024px) 100vw, 1024px\" \/>\t\t\t\t\t\t\t\t\t\t\t<figcaption class=\"widget-image-caption wp-caption-text\">oplus_32<\/figcaption>\n\t\t\t\t\t\t\t\t\t\t<\/figure>\n\t\t\t\t\t\t\t\t\t<\/div>\n\t\t\t\t<\/div>\n\t\t\t\t\t<\/div>\n\t\t<\/div>\n\t\t\t\t<div class=\"elementor-column elementor-col-50 elementor-top-column elementor-element elementor-element-23f1608\" data-id=\"23f1608\" data-element_type=\"column\" data-e-type=\"column\">\n\t\t\t<div class=\"elementor-widget-wrap elementor-element-populated\">\n\t\t\t\t\t\t<div class=\"elementor-element elementor-element-bf2967b elementor-widget elementor-widget-image\" data-id=\"bf2967b\" data-element_type=\"widget\" data-e-type=\"widget\" data-widget_type=\"image.default\">\n\t\t\t\t<div class=\"elementor-widget-container\">\n\t\t\t\t\t\t\t\t\t\t\t\t<figure class=\"wp-caption\">\n\t\t\t\t\t\t\t\t\t\t<img decoding=\"async\" width=\"1024\" height=\"576\" src=\"https:\/\/www.ebroresilience.com\/wp-content\/uploads\/2024\/04\/decenso-para-la-web-2-1024x576.jpeg\" class=\"attachment-large size-large wp-image-10801\" alt=\"Descenso interpretativo desde Ortigoso a El Se\u00f1or\u00edo en la jornada de intercambio con LIFE Kantauribai\" srcset=\"https:\/\/www.ebroresilience.com\/wp-content\/uploads\/2024\/04\/decenso-para-la-web-2-1024x576.jpeg 1024w, https:\/\/www.ebroresilience.com\/wp-content\/uploads\/2024\/04\/decenso-para-la-web-2-300x169.jpeg 300w, https:\/\/www.ebroresilience.com\/wp-content\/uploads\/2024\/04\/decenso-para-la-web-2-768x432.jpeg 768w, https:\/\/www.ebroresilience.com\/wp-content\/uploads\/2024\/04\/decenso-para-la-web-2-1536x864.jpeg 1536w, https:\/\/www.ebroresilience.com\/wp-content\/uploads\/2024\/04\/decenso-para-la-web-2-260x146.jpeg 260w, https:\/\/www.ebroresilience.com\/wp-content\/uploads\/2024\/04\/decenso-para-la-web-2-50x28.jpeg 50w, https:\/\/www.ebroresilience.com\/wp-content\/uploads\/2024\/04\/decenso-para-la-web-2-133x75.jpeg 133w, https:\/\/www.ebroresilience.com\/wp-content\/uploads\/2024\/04\/decenso-para-la-web-2.jpeg 2040w\" sizes=\"(max-width:767px) 480px, (max-width:1024px) 100vw, 1024px\" \/>\t\t\t\t\t\t\t\t\t\t\t<figcaption class=\"widget-image-caption wp-caption-text\">Descenso interpretativo desde Ortigoso a El Se\u00f1or\u00edo en la jornada de intercambio con LIFE Kantauribai<\/figcaption>\n\t\t\t\t\t\t\t\t\t\t<\/figure>\n\t\t\t\t\t\t\t\t\t<\/div>\n\t\t\t\t<\/div>\n\t\t\t\t\t<\/div>\n\t\t<\/div>\n\t\t\t\t\t<\/div>\n\t\t<\/section>\n\t\t\t\t<section class=\"elementor-section elementor-top-section elementor-element elementor-element-d90408c elementor-section-boxed elementor-section-height-default elementor-section-height-default\" data-id=\"d90408c\" data-element_type=\"section\" data-e-type=\"section\">\n\t\t\t\t\t\t<div class=\"elementor-container elementor-column-gap-default\">\n\t\t\t\t\t<div class=\"elementor-column elementor-col-100 elementor-top-column elementor-element elementor-element-39b35cd\" data-id=\"39b35cd\" data-element_type=\"column\" data-e-type=\"column\">\n\t\t\t<div class=\"elementor-widget-wrap elementor-element-populated\">\n\t\t\t\t\t\t<div class=\"elementor-element elementor-element-2cb8fa2 elementor-widget elementor-widget-text-editor\" data-id=\"2cb8fa2\" data-element_type=\"widget\" data-e-type=\"widget\" data-widget_type=\"text-editor.default\">\n\t\t\t\t<div class=\"elementor-widget-container\">\n\t\t\t\t\t\t\t\t\t<p>With the collaboration of a specialized company, <em>EbroNautas<\/em>, a safe navigation is carried out, which combines the recreational aspects of the experience with the educational aspects regarding the fluvial ecosystem, the actions already carried out previously and the proposals of the LIFE project.<\/p>\n<p>In addition, an informative and educational stop is included with educational materials on flora, fauna, thematic cards and even a game that teaches us some questions about land management, as a main measure to reduce the risk of flooding.<\/p>\n\t\t\t\t\t\t\t\t<\/div>\n\t\t\t\t<\/div>\n\t\t\t\t\t<\/div>\n\t\t<\/div>\n\t\t\t\t\t<\/div>\n\t\t<\/section>\n\t\t\t\t<section class=\"elementor-section elementor-top-section elementor-element elementor-element-85187dd elementor-section-boxed elementor-section-height-default elementor-section-height-default\" data-id=\"85187dd\" data-element_type=\"section\" data-e-type=\"section\">\n\t\t\t\t\t\t<div class=\"elementor-container elementor-column-gap-default\">\n\t\t\t\t\t<div class=\"elementor-column elementor-col-50 elementor-top-column elementor-element elementor-element-98050a0\" data-id=\"98050a0\" data-element_type=\"column\" data-e-type=\"column\">\n\t\t\t<div class=\"elementor-widget-wrap elementor-element-populated\">\n\t\t\t\t\t\t<div class=\"elementor-element elementor-element-2963ceb elementor-widget elementor-widget-image\" data-id=\"2963ceb\" data-element_type=\"widget\" data-e-type=\"widget\" data-widget_type=\"image.default\">\n\t\t\t\t<div class=\"elementor-widget-container\">\n\t\t\t\t\t\t\t\t\t\t\t\t<figure class=\"wp-caption\">\n\t\t\t\t\t\t\t\t\t\t<img decoding=\"async\" width=\"768\" height=\"1024\" src=\"https:\/\/www.ebroresilience.com\/wp-content\/uploads\/2024\/04\/juego-4-768x1024.jpg\" class=\"attachment-large size-large wp-image-10815\" alt=\"Descenso interpretativo. Parada para realizar un juego sobre la ordenaci\u00f3n del territorio y para hablar del ecosistema acu\u00e1tico. Alumnos del IES Gonzalo de Berceo, en Alfaro.\" srcset=\"https:\/\/www.ebroresilience.com\/wp-content\/uploads\/2024\/04\/juego-4-768x1024.jpg 768w, https:\/\/www.ebroresilience.com\/wp-content\/uploads\/2024\/04\/juego-4-225x300.jpg 225w, https:\/\/www.ebroresilience.com\/wp-content\/uploads\/2024\/04\/juego-4-1152x1536.jpg 1152w, https:\/\/www.ebroresilience.com\/wp-content\/uploads\/2024\/04\/juego-4-1536x2048.jpg 1536w, https:\/\/www.ebroresilience.com\/wp-content\/uploads\/2024\/04\/juego-4-110x146.jpg 110w, https:\/\/www.ebroresilience.com\/wp-content\/uploads\/2024\/04\/juego-4-38x50.jpg 38w, https:\/\/www.ebroresilience.com\/wp-content\/uploads\/2024\/04\/juego-4-56x75.jpg 56w, https:\/\/www.ebroresilience.com\/wp-content\/uploads\/2024\/04\/juego-4-scaled.jpg 1920w\" sizes=\"(max-width:767px) 480px, (max-width:768px) 100vw, 768px\" \/>\t\t\t\t\t\t\t\t\t\t\t<figcaption class=\"widget-image-caption wp-caption-text\">oplus_2080<\/figcaption>\n\t\t\t\t\t\t\t\t\t\t<\/figure>\n\t\t\t\t\t\t\t\t\t<\/div>\n\t\t\t\t<\/div>\n\t\t\t\t\t<\/div>\n\t\t<\/div>\n\t\t\t\t<div class=\"elementor-column elementor-col-50 elementor-top-column elementor-element elementor-element-a73f1f3\" data-id=\"a73f1f3\" data-element_type=\"column\" data-e-type=\"column\">\n\t\t\t<div class=\"elementor-widget-wrap elementor-element-populated\">\n\t\t\t\t\t\t<div class=\"elementor-element elementor-element-2e4f1a3 elementor-widget elementor-widget-image\" data-id=\"2e4f1a3\" data-element_type=\"widget\" data-e-type=\"widget\" data-widget_type=\"image.default\">\n\t\t\t\t<div class=\"elementor-widget-container\">\n\t\t\t\t\t\t\t\t\t\t\t\t<figure class=\"wp-caption\">\n\t\t\t\t\t\t\t\t\t\t<img loading=\"lazy\" decoding=\"async\" width=\"1024\" height=\"768\" src=\"https:\/\/www.ebroresilience.com\/wp-content\/uploads\/2024\/04\/juego-3-1024x768.jpg\" class=\"attachment-large size-large wp-image-10813\" alt=\"Descenso interpretativo. Parada para realizar un juego sobre la ordenaci\u00f3n del territorio y para hablar del ecosistema acu\u00e1tico. Alumnos del IES Gonzalo de Berceo, en Alfaro.\" srcset=\"https:\/\/www.ebroresilience.com\/wp-content\/uploads\/2024\/04\/juego-3-1024x768.jpg 1024w, https:\/\/www.ebroresilience.com\/wp-content\/uploads\/2024\/04\/juego-3-300x225.jpg 300w, https:\/\/www.ebroresilience.com\/wp-content\/uploads\/2024\/04\/juego-3-768x576.jpg 768w, https:\/\/www.ebroresilience.com\/wp-content\/uploads\/2024\/04\/juego-3-1536x1152.jpg 1536w, https:\/\/www.ebroresilience.com\/wp-content\/uploads\/2024\/04\/juego-3-2048x1536.jpg 2048w, https:\/\/www.ebroresilience.com\/wp-content\/uploads\/2024\/04\/juego-3-195x146.jpg 195w, https:\/\/www.ebroresilience.com\/wp-content\/uploads\/2024\/04\/juego-3-50x38.jpg 50w, https:\/\/www.ebroresilience.com\/wp-content\/uploads\/2024\/04\/juego-3-100x75.jpg 100w, https:\/\/www.ebroresilience.com\/wp-content\/uploads\/2024\/04\/juego-3-960x720.jpg 960w\" sizes=\"(max-width:767px) 480px, (max-width:1024px) 100vw, 1024px\" \/>\t\t\t\t\t\t\t\t\t\t\t<figcaption class=\"widget-image-caption wp-caption-text\">Descenso interpretativo. Parada para realizar un juego sobre la ordenaci\u00f3n del territorio y para hablar del ecosistema acu\u00e1tico. Alumnos del IES Gonzalo de Berceo, en Alfaro.<\/figcaption>\n\t\t\t\t\t\t\t\t\t\t<\/figure>\n\t\t\t\t\t\t\t\t\t<\/div>\n\t\t\t\t<\/div>\n\t\t\t\t\t<\/div>\n\t\t<\/div>\n\t\t\t\t\t<\/div>\n\t\t<\/section>\n\t\t\t\t<section class=\"elementor-section elementor-top-section elementor-element elementor-element-73f1be3 elementor-section-boxed elementor-section-height-default elementor-section-height-default\" data-id=\"73f1be3\" data-element_type=\"section\" data-e-type=\"section\">\n\t\t\t\t\t\t<div class=\"elementor-container elementor-column-gap-default\">\n\t\t\t\t\t<div class=\"elementor-column elementor-col-100 elementor-top-column elementor-element elementor-element-b11a2ba\" data-id=\"b11a2ba\" data-element_type=\"column\" data-e-type=\"column\">\n\t\t\t<div class=\"elementor-widget-wrap elementor-element-populated\">\n\t\t\t\t\t\t<div class=\"elementor-element elementor-element-d4293e2 elementor-widget elementor-widget-text-editor\" data-id=\"d4293e2\" data-element_type=\"widget\" data-e-type=\"widget\" data-widget_type=\"text-editor.default\">\n\t\t\t\t<div class=\"elementor-widget-container\">\n\t\t\t\t\t\t\t\t\t<p>This April these descents have been launched and we have already sailed in the Ebro Resilience with:<\/p>\n<ul>\n<li>Students from the faculties of Journalism of the University of San Jorge and the University of Zaragoza<\/li>\n<li>Students from the Gonzalo de Berceo High School in Alfaro (La Rioja, Spain)<\/li>\n<li>Students of IESO Castej\u00f3n (Navarre)<\/li>\n<li>LIFE Kantauribai project technicians<\/li>\n<\/ul>\n<p>If you want to know more about the rest of the social capacity building actions (guided tours, talks, generation of informative material, didactic units for schools) you can consult the complete plan <a href=\"https:\/\/bit.ly\/plan_fortalecimiento_capacidades\">HERE<\/a>.<\/p>\n\t\t\t\t\t\t\t\t<\/div>\n\t\t\t\t<\/div>\n\t\t\t\t\t<\/div>\n\t\t<\/div>\n\t\t\t\t\t<\/div>\n\t\t<\/section>\n\t\t\t\t<section class=\"elementor-section elementor-top-section elementor-element elementor-element-86f0a3a elementor-section-boxed elementor-section-height-default elementor-section-height-default\" data-id=\"86f0a3a\" data-element_type=\"section\" data-e-type=\"section\">\n\t\t\t\t\t\t<div class=\"elementor-container elementor-column-gap-default\">\n\t\t\t\t\t<div class=\"elementor-column elementor-col-33 elementor-top-column elementor-element elementor-element-1d86518\" data-id=\"1d86518\" data-element_type=\"column\" data-e-type=\"column\">\n\t\t\t<div class=\"elementor-widget-wrap elementor-element-populated\">\n\t\t\t\t\t\t<div class=\"elementor-element elementor-element-f212617 elementor-widget elementor-widget-image\" data-id=\"f212617\" data-element_type=\"widget\" data-e-type=\"widget\" data-widget_type=\"image.default\">\n\t\t\t\t<div class=\"elementor-widget-container\">\n\t\t\t\t\t\t\t\t\t\t\t\t<figure class=\"wp-caption\">\n\t\t\t\t\t\t\t\t\t\t<img loading=\"lazy\" decoding=\"async\" width=\"1024\" height=\"768\" src=\"https:\/\/www.ebroresilience.com\/wp-content\/uploads\/2024\/04\/descenso-7-1024x768.jpg\" class=\"attachment-large size-large wp-image-10811\" alt=\"Descent from Ortigoso to El Se\u00f1or\u00edo with students from IES Gonzalo de Berceo, in Alfaro (Castej\u00f3n).\" srcset=\"https:\/\/www.ebroresilience.com\/wp-content\/uploads\/2024\/04\/descenso-7-1024x768.jpg 1024w, https:\/\/www.ebroresilience.com\/wp-content\/uploads\/2024\/04\/descenso-7-300x225.jpg 300w, https:\/\/www.ebroresilience.com\/wp-content\/uploads\/2024\/04\/descenso-7-768x576.jpg 768w, https:\/\/www.ebroresilience.com\/wp-content\/uploads\/2024\/04\/descenso-7-1536x1152.jpg 1536w, https:\/\/www.ebroresilience.com\/wp-content\/uploads\/2024\/04\/descenso-7-2048x1536.jpg 2048w, https:\/\/www.ebroresilience.com\/wp-content\/uploads\/2024\/04\/descenso-7-195x146.jpg 195w, https:\/\/www.ebroresilience.com\/wp-content\/uploads\/2024\/04\/descenso-7-50x38.jpg 50w, https:\/\/www.ebroresilience.com\/wp-content\/uploads\/2024\/04\/descenso-7-100x75.jpg 100w, https:\/\/www.ebroresilience.com\/wp-content\/uploads\/2024\/04\/descenso-7-960x720.jpg 960w\" sizes=\"(max-width:767px) 480px, (max-width:1024px) 100vw, 1024px\" \/>\t\t\t\t\t\t\t\t\t\t\t<figcaption class=\"widget-image-caption wp-caption-text\">Descent from Ortigoso to El Se\u00f1or\u00edo with students from IES Gonzalo de Berceo, in Alfaro (Castej\u00f3n).<\/figcaption>\n\t\t\t\t\t\t\t\t\t\t<\/figure>\n\t\t\t\t\t\t\t\t\t<\/div>\n\t\t\t\t<\/div>\n\t\t\t\t\t<\/div>\n\t\t<\/div>\n\t\t\t\t<div class=\"elementor-column elementor-col-33 elementor-top-column elementor-element elementor-element-769a50b\" data-id=\"769a50b\" data-element_type=\"column\" data-e-type=\"column\">\n\t\t\t<div class=\"elementor-widget-wrap elementor-element-populated\">\n\t\t\t\t\t\t<div class=\"elementor-element elementor-element-63f7057 elementor-widget elementor-widget-image\" data-id=\"63f7057\" data-element_type=\"widget\" data-e-type=\"widget\" data-widget_type=\"image.default\">\n\t\t\t\t<div class=\"elementor-widget-container\">\n\t\t\t\t\t\t\t\t\t\t\t\t<figure class=\"wp-caption\">\n\t\t\t\t\t\t\t\t\t\t<img loading=\"lazy\" decoding=\"async\" width=\"1024\" height=\"768\" src=\"https:\/\/www.ebroresilience.com\/wp-content\/uploads\/2024\/04\/ESTUDIANTES-DE-PERIODISMO-1024x768.jpg\" class=\"attachment-large size-large wp-image-10807\" alt=\"Descenso interpretativo de Remolinos a Caba\u00f1as de Ebro (Zaragoza) con estudiantes de Periodismo de las Universidades de Zaragoza y San Jorge\" srcset=\"https:\/\/www.ebroresilience.com\/wp-content\/uploads\/2024\/04\/ESTUDIANTES-DE-PERIODISMO-1024x768.jpg 1024w, https:\/\/www.ebroresilience.com\/wp-content\/uploads\/2024\/04\/ESTUDIANTES-DE-PERIODISMO-300x225.jpg 300w, https:\/\/www.ebroresilience.com\/wp-content\/uploads\/2024\/04\/ESTUDIANTES-DE-PERIODISMO-768x576.jpg 768w, https:\/\/www.ebroresilience.com\/wp-content\/uploads\/2024\/04\/ESTUDIANTES-DE-PERIODISMO-1536x1152.jpg 1536w, https:\/\/www.ebroresilience.com\/wp-content\/uploads\/2024\/04\/ESTUDIANTES-DE-PERIODISMO-2048x1536.jpg 2048w, https:\/\/www.ebroresilience.com\/wp-content\/uploads\/2024\/04\/ESTUDIANTES-DE-PERIODISMO-195x146.jpg 195w, https:\/\/www.ebroresilience.com\/wp-content\/uploads\/2024\/04\/ESTUDIANTES-DE-PERIODISMO-50x38.jpg 50w, https:\/\/www.ebroresilience.com\/wp-content\/uploads\/2024\/04\/ESTUDIANTES-DE-PERIODISMO-100x75.jpg 100w, https:\/\/www.ebroresilience.com\/wp-content\/uploads\/2024\/04\/ESTUDIANTES-DE-PERIODISMO-960x720.jpg 960w\" sizes=\"(max-width:767px) 480px, (max-width:1024px) 100vw, 1024px\" \/>\t\t\t\t\t\t\t\t\t\t\t<figcaption class=\"widget-image-caption wp-caption-text\">oplus_32<\/figcaption>\n\t\t\t\t\t\t\t\t\t\t<\/figure>\n\t\t\t\t\t\t\t\t\t<\/div>\n\t\t\t\t<\/div>\n\t\t\t\t\t<\/div>\n\t\t<\/div>\n\t\t\t\t<div class=\"elementor-column elementor-col-33 elementor-top-column elementor-element elementor-element-28d37d4\" data-id=\"28d37d4\" data-element_type=\"column\" data-e-type=\"column\">\n\t\t\t<div class=\"elementor-widget-wrap elementor-element-populated\">\n\t\t\t\t\t\t<div class=\"elementor-element elementor-element-8d6d7f8 elementor-widget elementor-widget-image\" data-id=\"8d6d7f8\" data-element_type=\"widget\" data-e-type=\"widget\" data-widget_type=\"image.default\">\n\t\t\t\t<div class=\"elementor-widget-container\">\n\t\t\t\t\t\t\t\t\t\t\t\t<figure class=\"wp-caption\">\n\t\t\t\t\t\t\t\t\t\t<img loading=\"lazy\" decoding=\"async\" width=\"1024\" height=\"576\" src=\"https:\/\/www.ebroresilience.com\/wp-content\/uploads\/2024\/04\/decenso-para-la-web-1-1024x576.jpeg\" class=\"attachment-large size-large wp-image-10799\" alt=\"Interpretive descent from Ortigoso to El Se\u00f1or\u00edo on the exchange day with LIFE Kantauribai\" srcset=\"https:\/\/www.ebroresilience.com\/wp-content\/uploads\/2024\/04\/decenso-para-la-web-1-1024x576.jpeg 1024w, https:\/\/www.ebroresilience.com\/wp-content\/uploads\/2024\/04\/decenso-para-la-web-1-300x169.jpeg 300w, https:\/\/www.ebroresilience.com\/wp-content\/uploads\/2024\/04\/decenso-para-la-web-1-768x432.jpeg 768w, https:\/\/www.ebroresilience.com\/wp-content\/uploads\/2024\/04\/decenso-para-la-web-1-1536x864.jpeg 1536w, https:\/\/www.ebroresilience.com\/wp-content\/uploads\/2024\/04\/decenso-para-la-web-1-260x146.jpeg 260w, https:\/\/www.ebroresilience.com\/wp-content\/uploads\/2024\/04\/decenso-para-la-web-1-50x28.jpeg 50w, https:\/\/www.ebroresilience.com\/wp-content\/uploads\/2024\/04\/decenso-para-la-web-1-133x75.jpeg 133w, https:\/\/www.ebroresilience.com\/wp-content\/uploads\/2024\/04\/decenso-para-la-web-1.jpeg 2040w\" sizes=\"(max-width:767px) 480px, (max-width:1024px) 100vw, 1024px\" \/>\t\t\t\t\t\t\t\t\t\t\t<figcaption class=\"widget-image-caption wp-caption-text\">Interpretive descent from Ortigoso to El Se\u00f1or\u00edo on the exchange day with LIFE Kantauribai<\/figcaption>\n\t\t\t\t\t\t\t\t\t\t<\/figure>\n\t\t\t\t\t\t\t\t\t<\/div>\n\t\t\t\t<\/div>\n\t\t\t\t\t<\/div>\n\t\t<\/div>\n\t\t\t\t\t<\/div>\n\t\t<\/section>\n\t\t\t\t<\/div>\n\t\t","protected":false},"excerpt":{"rendered":"<p>&#8211; This April, one of the most attractive lines of actions for strengthening social capacities and increasing knowledge about the river was launched. Journalism students from the faculties of Aragon, high school students from Alfaro and Castej\u00f3n or technicians from other projects have already made interpretative descents with us.  <\/p>\n","protected":false},"author":5,"featured_media":10803,"comment_status":"closed","ping_status":"closed","sticky":false,"template":"","format":"standard","meta":{"_acf_changed":false,"ngg_post_thumbnail":0,"footnotes":""},"categories":[377,369],"tags":[380,411,548,387,378,399,398,381,410,395,379],"class_list":["post-10821","post","type-post","status-publish","format-standard","has-post-thumbnail","hentry","category-life-en","category-news","tag-alfaro-en","tag-castejon-en","tag-descents","tag-ebro-en","tag-ebro-resilience-en","tag-ebro-springs","tag-flood","tag-life-ebro-resilience-p1-en","tag-osera-de-ebro-en","tag-participation","tag-restoration"],"acf":[],"publishpress_future_action":{"enabled":false,"date":"2026-05-07 04:34:06","action":"change-status","newStatus":"draft","terms":[],"taxonomy":"category","extraData":[]},"publishpress_future_workflow_manual_trigger":{"enabledWorkflows":[]},"_links":{"self":[{"href":"https:\/\/www.ebroresilience.com\/en\/wp-json\/wp\/v2\/posts\/10821","targetHints":{"allow":["GET"]}}],"collection":[{"href":"https:\/\/www.ebroresilience.com\/en\/wp-json\/wp\/v2\/posts"}],"about":[{"href":"https:\/\/www.ebroresilience.com\/en\/wp-json\/wp\/v2\/types\/post"}],"author":[{"embeddable":true,"href":"https:\/\/www.ebroresilience.com\/en\/wp-json\/wp\/v2\/users\/5"}],"replies":[{"embeddable":true,"href":"https:\/\/www.ebroresilience.com\/en\/wp-json\/wp\/v2\/comments?post=10821"}],"version-history":[{"count":2,"href":"https:\/\/www.ebroresilience.com\/en\/wp-json\/wp\/v2\/posts\/10821\/revisions"}],"predecessor-version":[{"id":10823,"href":"https:\/\/www.ebroresilience.com\/en\/wp-json\/wp\/v2\/posts\/10821\/revisions\/10823"}],"wp:featuredmedia":[{"embeddable":true,"href":"https:\/\/www.ebroresilience.com\/en\/wp-json\/wp\/v2\/media\/10803"}],"wp:attachment":[{"href":"https:\/\/www.ebroresilience.com\/en\/wp-json\/wp\/v2\/media?parent=10821"}],"wp:term":[{"taxonomy":"category","embeddable":true,"href":"https:\/\/www.ebroresilience.com\/en\/wp-json\/wp\/v2\/categories?post=10821"},{"taxonomy":"post_tag","embeddable":true,"href":"https:\/\/www.ebroresilience.com\/en\/wp-json\/wp\/v2\/tags?post=10821"}],"curies":[{"name":"wp","href":"https:\/\/api.w.org\/{rel}","templated":true}]}}