{"id":10667,"date":"2024-04-12T14:14:04","date_gmt":"2024-04-12T12:14:04","guid":{"rendered":"https:\/\/www.ebroresilience.com\/life-ebro-resilience-p1-hosts-basin-organizations-from-all-over-spain-to-discuss-adaptation-and-public-participation\/"},"modified":"2024-04-12T14:31:53","modified_gmt":"2024-04-12T12:31:53","slug":"life-ebro-resilience-p1-hosts-basin-organizations-from-all-over-spain-to-discuss-adaptation-and-public-participation","status":"publish","type":"post","link":"https:\/\/www.ebroresilience.com\/en\/life-ebro-resilience-p1-hosts-basin-organizations-from-all-over-spain-to-discuss-adaptation-and-public-participation\/","title":{"rendered":"LIFE Ebro Resilience P1: hosts basin organizations from all over Spain to discuss adaptation and public participation"},"content":{"rendered":"\t\t<div data-elementor-type=\"wp-post\" data-elementor-id=\"10667\" class=\"elementor elementor-10667 elementor-10644\" data-elementor-post-type=\"post\">\n\t\t\t\t\t\t<section class=\"elementor-section elementor-top-section elementor-element elementor-element-f724c3a elementor-section-boxed elementor-section-height-default elementor-section-height-default\" data-id=\"f724c3a\" data-element_type=\"section\" data-e-type=\"section\">\n\t\t\t\t\t\t<div class=\"elementor-container elementor-column-gap-default\">\n\t\t\t\t\t<div class=\"elementor-column elementor-col-100 elementor-top-column elementor-element elementor-element-73dc75c\" data-id=\"73dc75c\" data-element_type=\"column\" data-e-type=\"column\">\n\t\t\t<div class=\"elementor-widget-wrap elementor-element-populated\">\n\t\t\t\t\t\t<div class=\"elementor-element elementor-element-d51d303 elementor-widget elementor-widget-text-editor\" data-id=\"d51d303\" data-element_type=\"widget\" data-e-type=\"widget\" data-widget_type=\"text-editor.default\">\n\t\t\t\t<div class=\"elementor-widget-container\">\n\t\t\t\t\t\t\t\t\t<p>Up to 40 technical colleagues from state and regional river basin organizations learned first-hand about the Project&#8217;s ongoing actions and its pioneering proposal for social participation during the conference held on April 10 and 11,<\/p>\n\t\t\t\t\t\t\t\t<\/div>\n\t\t\t\t<\/div>\n\t\t\t\t\t<\/div>\n\t\t<\/div>\n\t\t\t\t\t<\/div>\n\t\t<\/section>\n\t\t\t\t<section class=\"elementor-section elementor-top-section elementor-element elementor-element-ebf398a elementor-section-boxed elementor-section-height-default elementor-section-height-default\" data-id=\"ebf398a\" data-element_type=\"section\" data-e-type=\"section\">\n\t\t\t\t\t\t<div class=\"elementor-container elementor-column-gap-default\">\n\t\t\t\t\t<div class=\"elementor-column elementor-col-33 elementor-top-column elementor-element elementor-element-1d14c2e\" data-id=\"1d14c2e\" data-element_type=\"column\" data-e-type=\"column\">\n\t\t\t<div class=\"elementor-widget-wrap elementor-element-populated\">\n\t\t\t\t\t\t<div class=\"elementor-element elementor-element-ff84b64 elementor-widget elementor-widget-image\" data-id=\"ff84b64\" data-element_type=\"widget\" data-e-type=\"widget\" data-widget_type=\"image.default\">\n\t\t\t\t<div class=\"elementor-widget-container\">\n\t\t\t\t\t\t\t\t\t\t\t\t<figure class=\"wp-caption\">\n\t\t\t\t\t\t\t\t\t\t<img fetchpriority=\"high\" decoding=\"async\" width=\"1024\" height=\"768\" src=\"https:\/\/www.ebroresilience.com\/wp-content\/uploads\/2024\/04\/COMISARIA-DE-AGUAS-3-1024x768.jpg\" class=\"attachment-large size-large wp-image-10649\" alt=\"Inauguraci\u00f3n jornadas organismos de cuenca. Comisaria de Aguas de la CHE, M\u00edriam Pardos\" srcset=\"https:\/\/www.ebroresilience.com\/wp-content\/uploads\/2024\/04\/COMISARIA-DE-AGUAS-3-1024x768.jpg 1024w, https:\/\/www.ebroresilience.com\/wp-content\/uploads\/2024\/04\/COMISARIA-DE-AGUAS-3-300x225.jpg 300w, https:\/\/www.ebroresilience.com\/wp-content\/uploads\/2024\/04\/COMISARIA-DE-AGUAS-3-768x576.jpg 768w, https:\/\/www.ebroresilience.com\/wp-content\/uploads\/2024\/04\/COMISARIA-DE-AGUAS-3-195x146.jpg 195w, https:\/\/www.ebroresilience.com\/wp-content\/uploads\/2024\/04\/COMISARIA-DE-AGUAS-3-50x38.jpg 50w, https:\/\/www.ebroresilience.com\/wp-content\/uploads\/2024\/04\/COMISARIA-DE-AGUAS-3-100x75.jpg 100w, https:\/\/www.ebroresilience.com\/wp-content\/uploads\/2024\/04\/COMISARIA-DE-AGUAS-3-960x720.jpg 960w, https:\/\/www.ebroresilience.com\/wp-content\/uploads\/2024\/04\/COMISARIA-DE-AGUAS-3.jpg 1440w\" sizes=\"(max-width:767px) 480px, (max-width:1024px) 100vw, 1024px\" \/>\t\t\t\t\t\t\t\t\t\t\t<figcaption class=\"widget-image-caption wp-caption-text\">Inauguraci\u00f3n jornadas organismos de cuenca. Comisaria de Aguas de la CHE, M\u00edriam Pardos<\/figcaption>\n\t\t\t\t\t\t\t\t\t\t<\/figure>\n\t\t\t\t\t\t\t\t\t<\/div>\n\t\t\t\t<\/div>\n\t\t\t\t\t<\/div>\n\t\t<\/div>\n\t\t\t\t<div class=\"elementor-column elementor-col-33 elementor-top-column elementor-element elementor-element-584531c\" data-id=\"584531c\" data-element_type=\"column\" data-e-type=\"column\">\n\t\t\t<div class=\"elementor-widget-wrap elementor-element-populated\">\n\t\t\t\t\t\t<div class=\"elementor-element elementor-element-e0f0a34 elementor-widget elementor-widget-image\" data-id=\"e0f0a34\" data-element_type=\"widget\" data-e-type=\"widget\" data-widget_type=\"image.default\">\n\t\t\t\t<div class=\"elementor-widget-container\">\n\t\t\t\t\t\t\t\t\t\t\t\t<figure class=\"wp-caption\">\n\t\t\t\t\t\t\t\t\t\t<img decoding=\"async\" width=\"1024\" height=\"768\" src=\"https:\/\/www.ebroresilience.com\/wp-content\/uploads\/2024\/04\/1-1024x768.jpg\" class=\"attachment-large size-large wp-image-10651\" alt=\"Sesi\u00f3n pr\u00e1ctica sobre participaci\u00f3n social\" srcset=\"https:\/\/www.ebroresilience.com\/wp-content\/uploads\/2024\/04\/1-1024x768.jpg 1024w, https:\/\/www.ebroresilience.com\/wp-content\/uploads\/2024\/04\/1-300x225.jpg 300w, https:\/\/www.ebroresilience.com\/wp-content\/uploads\/2024\/04\/1-768x576.jpg 768w, https:\/\/www.ebroresilience.com\/wp-content\/uploads\/2024\/04\/1-195x146.jpg 195w, https:\/\/www.ebroresilience.com\/wp-content\/uploads\/2024\/04\/1-50x38.jpg 50w, https:\/\/www.ebroresilience.com\/wp-content\/uploads\/2024\/04\/1-100x75.jpg 100w, https:\/\/www.ebroresilience.com\/wp-content\/uploads\/2024\/04\/1-960x720.jpg 960w, https:\/\/www.ebroresilience.com\/wp-content\/uploads\/2024\/04\/1.jpg 1440w\" sizes=\"(max-width:767px) 480px, (max-width:1024px) 100vw, 1024px\" \/>\t\t\t\t\t\t\t\t\t\t\t<figcaption class=\"widget-image-caption wp-caption-text\">Sesi\u00f3n pr\u00e1ctica sobre participaci\u00f3n social <\/figcaption>\n\t\t\t\t\t\t\t\t\t\t<\/figure>\n\t\t\t\t\t\t\t\t\t<\/div>\n\t\t\t\t<\/div>\n\t\t\t\t\t<\/div>\n\t\t<\/div>\n\t\t\t\t<div class=\"elementor-column elementor-col-33 elementor-top-column elementor-element elementor-element-e198c8f\" data-id=\"e198c8f\" data-element_type=\"column\" data-e-type=\"column\">\n\t\t\t<div class=\"elementor-widget-wrap elementor-element-populated\">\n\t\t\t\t\t\t<div class=\"elementor-element elementor-element-200a0bc elementor-widget elementor-widget-image\" data-id=\"200a0bc\" data-element_type=\"widget\" data-e-type=\"widget\" data-widget_type=\"image.default\">\n\t\t\t\t<div class=\"elementor-widget-container\">\n\t\t\t\t\t\t\t\t\t\t\t\t<figure class=\"wp-caption\">\n\t\t\t\t\t\t\t\t\t\t<img decoding=\"async\" width=\"1024\" height=\"768\" src=\"https:\/\/www.ebroresilience.com\/wp-content\/uploads\/2024\/04\/GRUPO-GENERAL-CON-SOTO-FONDO-1024x768.jpg\" class=\"attachment-large size-large wp-image-10653\" alt=\"T\u00e9cnicos de todos los organismos de Espa\u00f1a visitan el soto de Alfaro en las II jornadas de Organismos de cuenca del LIFE Ebro Resilience P1\" srcset=\"https:\/\/www.ebroresilience.com\/wp-content\/uploads\/2024\/04\/GRUPO-GENERAL-CON-SOTO-FONDO-1024x768.jpg 1024w, https:\/\/www.ebroresilience.com\/wp-content\/uploads\/2024\/04\/GRUPO-GENERAL-CON-SOTO-FONDO-300x225.jpg 300w, https:\/\/www.ebroresilience.com\/wp-content\/uploads\/2024\/04\/GRUPO-GENERAL-CON-SOTO-FONDO-768x576.jpg 768w, https:\/\/www.ebroresilience.com\/wp-content\/uploads\/2024\/04\/GRUPO-GENERAL-CON-SOTO-FONDO-195x146.jpg 195w, https:\/\/www.ebroresilience.com\/wp-content\/uploads\/2024\/04\/GRUPO-GENERAL-CON-SOTO-FONDO-50x38.jpg 50w, https:\/\/www.ebroresilience.com\/wp-content\/uploads\/2024\/04\/GRUPO-GENERAL-CON-SOTO-FONDO-100x75.jpg 100w, https:\/\/www.ebroresilience.com\/wp-content\/uploads\/2024\/04\/GRUPO-GENERAL-CON-SOTO-FONDO-960x720.jpg 960w, https:\/\/www.ebroresilience.com\/wp-content\/uploads\/2024\/04\/GRUPO-GENERAL-CON-SOTO-FONDO.jpg 1440w\" sizes=\"(max-width:767px) 480px, (max-width:1024px) 100vw, 1024px\" \/>\t\t\t\t\t\t\t\t\t\t\t<figcaption class=\"widget-image-caption wp-caption-text\">Visita al soto de Alfaro<\/figcaption>\n\t\t\t\t\t\t\t\t\t\t<\/figure>\n\t\t\t\t\t\t\t\t\t<\/div>\n\t\t\t\t<\/div>\n\t\t\t\t\t<\/div>\n\t\t<\/div>\n\t\t\t\t\t<\/div>\n\t\t<\/section>\n\t\t\t\t<section class=\"elementor-section elementor-top-section elementor-element elementor-element-762a839 elementor-section-boxed elementor-section-height-default elementor-section-height-default\" data-id=\"762a839\" data-element_type=\"section\" data-e-type=\"section\">\n\t\t\t\t\t\t<div class=\"elementor-container elementor-column-gap-default\">\n\t\t\t\t\t<div class=\"elementor-column elementor-col-100 elementor-top-column elementor-element elementor-element-26a865b\" data-id=\"26a865b\" data-element_type=\"column\" data-e-type=\"column\">\n\t\t\t<div class=\"elementor-widget-wrap elementor-element-populated\">\n\t\t\t\t\t\t<div class=\"elementor-element elementor-element-17c7ee0 elementor-widget elementor-widget-text-editor\" data-id=\"17c7ee0\" data-element_type=\"widget\" data-e-type=\"widget\" data-widget_type=\"text-editor.default\">\n\t\t\t\t<div class=\"elementor-widget-container\">\n\t\t\t\t\t\t\t\t\t<p>The LIFE Ebro Resilience P1 team has organized, through its partner Confederaci\u00f3n Hidrogr\u00e1fica del Ebro, the second edition of this meeting (the previous one was in May 2022) in which to present the objectives of the project and on this occasion, to walk through the intervention already implemented in La Roza, Alfaro (La Rioja) and deepen the pioneering proposal of social participation and social capacity building.<\/p>\n<\/p>\n<p>The exchange of experiences on adaptation and the generation of networks for the future replication of interventions in other areas affected by floods is one more objective of the project, in addition to the works for the recovery of the river space and adaptation and the actions for the dissemination and promotion of participation.<\/p>\n<\/p>\n<p>Therefore, the participation in this meeting of technicians from the Ministry for Ecological Transition and the Demographic Challenge, the Hydrographic Confederations of Segura, J\u00facar, Cant\u00e1brico, Mi\u00f1o-Sil, Duero, Tajo, Guadalquivir and the Water Agency of Galicia, Catalan Water Agency, Community of Madrid, Regional Government of Andalusia, Basque Water Agency and the Iberian Center for River Restoration is considered a success.<\/p><\/p>\n\t\t\t\t\t\t\t\t<\/div>\n\t\t\t\t<\/div>\n\t\t\t\t\t<\/div>\n\t\t<\/div>\n\t\t\t\t\t<\/div>\n\t\t<\/section>\n\t\t\t\t<section class=\"elementor-section elementor-top-section elementor-element elementor-element-77d5d61 elementor-section-boxed elementor-section-height-default elementor-section-height-default\" data-id=\"77d5d61\" data-element_type=\"section\" data-e-type=\"section\">\n\t\t\t\t\t\t<div class=\"elementor-container elementor-column-gap-default\">\n\t\t\t\t\t<div class=\"elementor-column elementor-col-100 elementor-top-column elementor-element elementor-element-49d4df6\" data-id=\"49d4df6\" data-element_type=\"column\" data-e-type=\"column\">\n\t\t\t<div class=\"elementor-widget-wrap elementor-element-populated\">\n\t\t\t\t\t\t<div class=\"elementor-element elementor-element-ac86e1e elementor-widget elementor-widget-image\" data-id=\"ac86e1e\" data-element_type=\"widget\" data-e-type=\"widget\" data-widget_type=\"image.default\">\n\t\t\t\t<div class=\"elementor-widget-container\">\n\t\t\t\t\t\t\t\t\t\t\t\t<figure class=\"wp-caption\">\n\t\t\t\t\t\t\t\t\t\t<img loading=\"lazy\" decoding=\"async\" width=\"1024\" height=\"768\" src=\"https:\/\/www.ebroresilience.com\/wp-content\/uploads\/2024\/04\/COMISARIA-DE-AGUAS-7-1024x768.jpg\" class=\"attachment-large size-large wp-image-10655\" alt=\"Sesi\u00f3n inaugural de las jornadas de organismos de cuenca LIFE Ebro Resilience el d\u00eda 10 de abril\" srcset=\"https:\/\/www.ebroresilience.com\/wp-content\/uploads\/2024\/04\/COMISARIA-DE-AGUAS-7-1024x768.jpg 1024w, https:\/\/www.ebroresilience.com\/wp-content\/uploads\/2024\/04\/COMISARIA-DE-AGUAS-7-300x225.jpg 300w, https:\/\/www.ebroresilience.com\/wp-content\/uploads\/2024\/04\/COMISARIA-DE-AGUAS-7-768x576.jpg 768w, https:\/\/www.ebroresilience.com\/wp-content\/uploads\/2024\/04\/COMISARIA-DE-AGUAS-7-195x146.jpg 195w, https:\/\/www.ebroresilience.com\/wp-content\/uploads\/2024\/04\/COMISARIA-DE-AGUAS-7-50x38.jpg 50w, https:\/\/www.ebroresilience.com\/wp-content\/uploads\/2024\/04\/COMISARIA-DE-AGUAS-7-100x75.jpg 100w, https:\/\/www.ebroresilience.com\/wp-content\/uploads\/2024\/04\/COMISARIA-DE-AGUAS-7-960x720.jpg 960w, https:\/\/www.ebroresilience.com\/wp-content\/uploads\/2024\/04\/COMISARIA-DE-AGUAS-7.jpg 1440w\" sizes=\"(max-width:767px) 480px, (max-width:1024px) 100vw, 1024px\" \/>\t\t\t\t\t\t\t\t\t\t\t<figcaption class=\"widget-image-caption wp-caption-text\">Sesi\u00f3n inaugural de las jornadas de organismos de cuenca LIFE Ebro Resilience el d\u00eda 10 de abril  <\/figcaption>\n\t\t\t\t\t\t\t\t\t\t<\/figure>\n\t\t\t\t\t\t\t\t\t<\/div>\n\t\t\t\t<\/div>\n\t\t\t\t\t<\/div>\n\t\t<\/div>\n\t\t\t\t\t<\/div>\n\t\t<\/section>\n\t\t\t\t<section class=\"elementor-section elementor-top-section elementor-element elementor-element-afa415a elementor-section-boxed elementor-section-height-default elementor-section-height-default\" data-id=\"afa415a\" data-element_type=\"section\" data-e-type=\"section\">\n\t\t\t\t\t\t<div class=\"elementor-container elementor-column-gap-default\">\n\t\t\t\t\t<div class=\"elementor-column elementor-col-100 elementor-top-column elementor-element elementor-element-113bde5\" data-id=\"113bde5\" data-element_type=\"column\" data-e-type=\"column\">\n\t\t\t<div class=\"elementor-widget-wrap elementor-element-populated\">\n\t\t\t\t\t\t<div class=\"elementor-element elementor-element-001df5b elementor-widget elementor-widget-text-editor\" data-id=\"001df5b\" data-element_type=\"widget\" data-e-type=\"widget\" data-widget_type=\"text-editor.default\">\n\t\t\t\t<div class=\"elementor-widget-container\">\n\t\t\t\t\t\t\t\t\t<p><strong>Theoretical day: participation, the main topic<\/strong><\/p>\n<\/p>\n<p>The first session was held at the headquarters of the Ebro Hydrographic Confederation in Zaragoza, dedicated to the progress of the project within the LIFE program and, above all, to analyze the different proposals for social participation, encouraging the involvement of the riparian population.<\/p>\n<\/p>\n<p>Through information, participation and mediation actions, the LIFE project seeks to achieve<strong>more solid results<\/strong>, <strong>improve knowledge<\/strong> and <strong>reach more environmentally, socially <\/strong>and <strong>economically<\/strong> <strong>sustainable alternatives <\/strong>.<\/p>\n<\/p>\n<p>The need for training to implement effective participation processes, the interest in communication and dissemination channels to the population and the proposal to create exchange channels in this regard were issues discussed during the day.<\/p>\n\t\t\t\t\t\t\t\t<\/div>\n\t\t\t\t<\/div>\n\t\t\t\t\t<\/div>\n\t\t<\/div>\n\t\t\t\t\t<\/div>\n\t\t<\/section>\n\t\t\t\t<section class=\"elementor-section elementor-top-section elementor-element elementor-element-af5219c elementor-section-boxed elementor-section-height-default elementor-section-height-default\" data-id=\"af5219c\" data-element_type=\"section\" data-e-type=\"section\">\n\t\t\t\t\t\t<div class=\"elementor-container elementor-column-gap-default\">\n\t\t\t\t\t<div class=\"elementor-column elementor-col-100 elementor-top-column elementor-element elementor-element-a036640\" data-id=\"a036640\" data-element_type=\"column\" data-e-type=\"column\">\n\t\t\t<div class=\"elementor-widget-wrap elementor-element-populated\">\n\t\t\t\t\t\t<div class=\"elementor-element elementor-element-f3f3d28 elementor-widget elementor-widget-image\" data-id=\"f3f3d28\" data-element_type=\"widget\" data-e-type=\"widget\" data-widget_type=\"image.default\">\n\t\t\t\t<div class=\"elementor-widget-container\">\n\t\t\t\t\t\t\t\t\t\t\t\t<figure class=\"wp-caption\">\n\t\t\t\t\t\t\t\t\t\t<img loading=\"lazy\" decoding=\"async\" width=\"1024\" height=\"768\" src=\"https:\/\/www.ebroresilience.com\/wp-content\/uploads\/2024\/04\/ALBA-BALLESTER-1024x768.jpg\" class=\"attachment-large size-large wp-image-10663\" alt=\"Hablamos de participaci\u00f3n p\u00fablica en la jornada de organismos de cuenca de LIFE Ebro Resilience P1\" srcset=\"https:\/\/www.ebroresilience.com\/wp-content\/uploads\/2024\/04\/ALBA-BALLESTER-1024x768.jpg 1024w, https:\/\/www.ebroresilience.com\/wp-content\/uploads\/2024\/04\/ALBA-BALLESTER-300x225.jpg 300w, https:\/\/www.ebroresilience.com\/wp-content\/uploads\/2024\/04\/ALBA-BALLESTER-768x576.jpg 768w, https:\/\/www.ebroresilience.com\/wp-content\/uploads\/2024\/04\/ALBA-BALLESTER-195x146.jpg 195w, https:\/\/www.ebroresilience.com\/wp-content\/uploads\/2024\/04\/ALBA-BALLESTER-50x38.jpg 50w, https:\/\/www.ebroresilience.com\/wp-content\/uploads\/2024\/04\/ALBA-BALLESTER-100x75.jpg 100w, https:\/\/www.ebroresilience.com\/wp-content\/uploads\/2024\/04\/ALBA-BALLESTER-960x720.jpg 960w, https:\/\/www.ebroresilience.com\/wp-content\/uploads\/2024\/04\/ALBA-BALLESTER.jpg 1440w\" sizes=\"(max-width:767px) 480px, (max-width:1024px) 100vw, 1024px\" \/>\t\t\t\t\t\t\t\t\t\t\t<figcaption class=\"widget-image-caption wp-caption-text\">Hablamos de participaci\u00f3n p\u00fablica en la jornada de organismos de cuenca de LIFE Ebro Resilience P1<\/figcaption>\n\t\t\t\t\t\t\t\t\t\t<\/figure>\n\t\t\t\t\t\t\t\t\t<\/div>\n\t\t\t\t<\/div>\n\t\t\t\t\t<\/div>\n\t\t<\/div>\n\t\t\t\t\t<\/div>\n\t\t<\/section>\n\t\t\t\t<section class=\"elementor-section elementor-top-section elementor-element elementor-element-52b593d elementor-section-boxed elementor-section-height-default elementor-section-height-default\" data-id=\"52b593d\" data-element_type=\"section\" data-e-type=\"section\">\n\t\t\t\t\t\t<div class=\"elementor-container elementor-column-gap-default\">\n\t\t\t\t\t<div class=\"elementor-column elementor-col-100 elementor-top-column elementor-element elementor-element-0a24c48\" data-id=\"0a24c48\" data-element_type=\"column\" data-e-type=\"column\">\n\t\t\t<div class=\"elementor-widget-wrap elementor-element-populated\">\n\t\t\t\t\t\t<div class=\"elementor-element elementor-element-833a9cd elementor-widget elementor-widget-text-editor\" data-id=\"833a9cd\" data-element_type=\"widget\" data-e-type=\"widget\" data-widget_type=\"text-editor.default\">\n\t\t\t\t<div class=\"elementor-widget-container\">\n\t\t\t\t\t\t\t\t\t<p><strong>Field visit: La Roza, a benchmark in river restoration  <\/strong><\/p>\n<p><strong> <\/strong><\/p>\n<p>The practical part of the day involved a visit to Zone 1 of the Project, specifically to the meander recovered as a river space in La Roza, Alfaro, La Rioja and to the Alfaro woodland, accompanied by another of the partners, the Government of La Rioja, in charge of the environmental restoration projects.<\/p>\n<\/p>\n<p>In La Roza they verified that the morphological adaptation work has been completed, which has involved the recovery of 22 hectares of river space, through the recessing of defenses, the reconnection of old river branches and the creation of a relief channel, works carried out by the Hydrographic Confederation of the Ebro.<\/p>\n<\/p>\n<p>In Soto de Alfaro, an intervention will be carried out in agreement with the territory through the co-creation groups (stable participation groups of the project) for the recovery of lost river branches, helping the evacuation of water during the Ebro floods.<\/p>\n\t\t\t\t\t\t\t\t<\/div>\n\t\t\t\t<\/div>\n\t\t\t\t\t<\/div>\n\t\t<\/div>\n\t\t\t\t\t<\/div>\n\t\t<\/section>\n\t\t\t\t<section class=\"elementor-section elementor-top-section elementor-element elementor-element-0ba27f5 elementor-section-boxed elementor-section-height-default elementor-section-height-default\" data-id=\"0ba27f5\" data-element_type=\"section\" data-e-type=\"section\">\n\t\t\t\t\t\t<div class=\"elementor-container elementor-column-gap-default\">\n\t\t\t\t\t<div class=\"elementor-column elementor-col-50 elementor-top-column elementor-element elementor-element-fe5180e\" data-id=\"fe5180e\" data-element_type=\"column\" data-e-type=\"column\">\n\t\t\t<div class=\"elementor-widget-wrap elementor-element-populated\">\n\t\t\t\t\t\t<div class=\"elementor-element elementor-element-806ebb2 elementor-widget elementor-widget-image\" data-id=\"806ebb2\" data-element_type=\"widget\" data-e-type=\"widget\" data-widget_type=\"image.default\">\n\t\t\t\t<div class=\"elementor-widget-container\">\n\t\t\t\t\t\t\t\t\t\t\t\t<figure class=\"wp-caption\">\n\t\t\t\t\t\t\t\t\t\t<img loading=\"lazy\" decoding=\"async\" width=\"1024\" height=\"768\" src=\"https:\/\/www.ebroresilience.com\/wp-content\/uploads\/2024\/04\/EXPLICACIONES-SAMUEL-JUNTO-AL-RIO-2-1024x768.jpg\" class=\"attachment-large size-large wp-image-10659\" alt=\"Visita al meandro de La Rosa explicaciones del equipo t\u00e9cnico\" srcset=\"https:\/\/www.ebroresilience.com\/wp-content\/uploads\/2024\/04\/EXPLICACIONES-SAMUEL-JUNTO-AL-RIO-2-1024x768.jpg 1024w, https:\/\/www.ebroresilience.com\/wp-content\/uploads\/2024\/04\/EXPLICACIONES-SAMUEL-JUNTO-AL-RIO-2-300x225.jpg 300w, https:\/\/www.ebroresilience.com\/wp-content\/uploads\/2024\/04\/EXPLICACIONES-SAMUEL-JUNTO-AL-RIO-2-768x576.jpg 768w, https:\/\/www.ebroresilience.com\/wp-content\/uploads\/2024\/04\/EXPLICACIONES-SAMUEL-JUNTO-AL-RIO-2-195x146.jpg 195w, https:\/\/www.ebroresilience.com\/wp-content\/uploads\/2024\/04\/EXPLICACIONES-SAMUEL-JUNTO-AL-RIO-2-50x38.jpg 50w, https:\/\/www.ebroresilience.com\/wp-content\/uploads\/2024\/04\/EXPLICACIONES-SAMUEL-JUNTO-AL-RIO-2-100x75.jpg 100w, https:\/\/www.ebroresilience.com\/wp-content\/uploads\/2024\/04\/EXPLICACIONES-SAMUEL-JUNTO-AL-RIO-2-960x720.jpg 960w, https:\/\/www.ebroresilience.com\/wp-content\/uploads\/2024\/04\/EXPLICACIONES-SAMUEL-JUNTO-AL-RIO-2.jpg 1440w\" sizes=\"(max-width:767px) 480px, (max-width:1024px) 100vw, 1024px\" \/>\t\t\t\t\t\t\t\t\t\t\t<figcaption class=\"widget-image-caption wp-caption-text\">Visita al meandro de La Rosa explicaciones del equipo t\u00e9cnico<\/figcaption>\n\t\t\t\t\t\t\t\t\t\t<\/figure>\n\t\t\t\t\t\t\t\t\t<\/div>\n\t\t\t\t<\/div>\n\t\t\t\t\t<\/div>\n\t\t<\/div>\n\t\t\t\t<div class=\"elementor-column elementor-col-50 elementor-top-column elementor-element elementor-element-cbcd70f\" data-id=\"cbcd70f\" data-element_type=\"column\" data-e-type=\"column\">\n\t\t\t<div class=\"elementor-widget-wrap elementor-element-populated\">\n\t\t\t\t\t\t<div class=\"elementor-element elementor-element-3b46567 elementor-widget elementor-widget-image\" data-id=\"3b46567\" data-element_type=\"widget\" data-e-type=\"widget\" data-widget_type=\"image.default\">\n\t\t\t\t<div class=\"elementor-widget-container\">\n\t\t\t\t\t\t\t\t\t\t\t\t<figure class=\"wp-caption\">\n\t\t\t\t\t\t\t\t\t\t<img loading=\"lazy\" decoding=\"async\" width=\"1024\" height=\"768\" src=\"https:\/\/www.ebroresilience.com\/wp-content\/uploads\/2024\/04\/EXPLICACION-4-Nacho-1024x768.jpg\" class=\"attachment-large size-large wp-image-10661\" alt=\"Visita soto de Alfaro en las jornadas de Organismos de cuenca\" srcset=\"https:\/\/www.ebroresilience.com\/wp-content\/uploads\/2024\/04\/EXPLICACION-4-Nacho-1024x768.jpg 1024w, https:\/\/www.ebroresilience.com\/wp-content\/uploads\/2024\/04\/EXPLICACION-4-Nacho-300x225.jpg 300w, https:\/\/www.ebroresilience.com\/wp-content\/uploads\/2024\/04\/EXPLICACION-4-Nacho-768x576.jpg 768w, https:\/\/www.ebroresilience.com\/wp-content\/uploads\/2024\/04\/EXPLICACION-4-Nacho-195x146.jpg 195w, https:\/\/www.ebroresilience.com\/wp-content\/uploads\/2024\/04\/EXPLICACION-4-Nacho-50x38.jpg 50w, https:\/\/www.ebroresilience.com\/wp-content\/uploads\/2024\/04\/EXPLICACION-4-Nacho-100x75.jpg 100w, https:\/\/www.ebroresilience.com\/wp-content\/uploads\/2024\/04\/EXPLICACION-4-Nacho-960x720.jpg 960w, https:\/\/www.ebroresilience.com\/wp-content\/uploads\/2024\/04\/EXPLICACION-4-Nacho.jpg 1440w\" sizes=\"(max-width:767px) 480px, (max-width:1024px) 100vw, 1024px\" \/>\t\t\t\t\t\t\t\t\t\t\t<figcaption class=\"widget-image-caption wp-caption-text\">Visit to Soto de Alfaro by the group of visitors.<\/figcaption>\n\t\t\t\t\t\t\t\t\t\t<\/figure>\n\t\t\t\t\t\t\t\t\t<\/div>\n\t\t\t\t<\/div>\n\t\t\t\t\t<\/div>\n\t\t<\/div>\n\t\t\t\t\t<\/div>\n\t\t<\/section>\n\t\t\t\t<\/div>\n\t\t","protected":false},"excerpt":{"rendered":"<p>Up to 40 technical colleagues from state and regional river basin organizations have learned first-hand about the Project&#8217;s ongoing actions and its pioneering proposal for social participation, during the conferences held on April 10 and 11.<\/p>\n","protected":false},"author":5,"featured_media":10646,"comment_status":"closed","ping_status":"closed","sticky":false,"template":"","format":"standard","meta":{"_acf_changed":false,"ngg_post_thumbnail":0,"footnotes":""},"categories":[377,369],"tags":[380,388,387,378,398,381,395,379],"class_list":["post-10667","post","type-post","status-publish","format-standard","has-post-thumbnail","hentry","category-life-en","category-news","tag-alfaro-en","tag-che-en","tag-ebro-en","tag-ebro-resilience-en","tag-flood","tag-life-ebro-resilience-p1-en","tag-participation","tag-restoration"],"acf":[],"publishpress_future_action":{"enabled":false,"date":"2026-05-07 11:43:06","action":"change-status","newStatus":"draft","terms":[],"taxonomy":"category","extraData":[]},"publishpress_future_workflow_manual_trigger":{"enabledWorkflows":[]},"_links":{"self":[{"href":"https:\/\/www.ebroresilience.com\/en\/wp-json\/wp\/v2\/posts\/10667","targetHints":{"allow":["GET"]}}],"collection":[{"href":"https:\/\/www.ebroresilience.com\/en\/wp-json\/wp\/v2\/posts"}],"about":[{"href":"https:\/\/www.ebroresilience.com\/en\/wp-json\/wp\/v2\/types\/post"}],"author":[{"embeddable":true,"href":"https:\/\/www.ebroresilience.com\/en\/wp-json\/wp\/v2\/users\/5"}],"replies":[{"embeddable":true,"href":"https:\/\/www.ebroresilience.com\/en\/wp-json\/wp\/v2\/comments?post=10667"}],"version-history":[{"count":4,"href":"https:\/\/www.ebroresilience.com\/en\/wp-json\/wp\/v2\/posts\/10667\/revisions"}],"predecessor-version":[{"id":10671,"href":"https:\/\/www.ebroresilience.com\/en\/wp-json\/wp\/v2\/posts\/10667\/revisions\/10671"}],"wp:featuredmedia":[{"embeddable":true,"href":"https:\/\/www.ebroresilience.com\/en\/wp-json\/wp\/v2\/media\/10646"}],"wp:attachment":[{"href":"https:\/\/www.ebroresilience.com\/en\/wp-json\/wp\/v2\/media?parent=10667"}],"wp:term":[{"taxonomy":"category","embeddable":true,"href":"https:\/\/www.ebroresilience.com\/en\/wp-json\/wp\/v2\/categories?post=10667"},{"taxonomy":"post_tag","embeddable":true,"href":"https:\/\/www.ebroresilience.com\/en\/wp-json\/wp\/v2\/tags?post=10667"}],"curies":[{"name":"wp","href":"https:\/\/api.w.org\/{rel}","templated":true}]}}