{"id":10237,"date":"2024-03-21T08:00:00","date_gmt":"2024-03-21T07:00:00","guid":{"rendered":"https:\/\/www.ebroresilience.com\/?p=10237"},"modified":"2024-04-01T08:12:19","modified_gmt":"2024-04-01T06:12:19","slug":"the-relief-channel-in-the-meander-of-la-roza-a-riparian-corridor-with-more-continuity-and-complexity-for-habitats","status":"publish","type":"post","link":"https:\/\/www.ebroresilience.com\/en\/the-relief-channel-in-the-meander-of-la-roza-a-riparian-corridor-with-more-continuity-and-complexity-for-habitats\/","title":{"rendered":"The relief channel in the meander of La Roza: a riparian corridor with more continuity and diversity for habitats."},"content":{"rendered":"\t\t<div data-elementor-type=\"wp-post\" data-elementor-id=\"10237\" class=\"elementor elementor-10237 elementor-10213\" data-elementor-post-type=\"post\">\n\t\t\t\t\t\t<section class=\"elementor-section elementor-top-section elementor-element elementor-element-217fa3d elementor-section-boxed elementor-section-height-default elementor-section-height-default\" data-id=\"217fa3d\" data-element_type=\"section\" data-e-type=\"section\">\n\t\t\t\t\t\t<div class=\"elementor-container elementor-column-gap-default\">\n\t\t\t\t\t<div class=\"elementor-column elementor-col-100 elementor-top-column elementor-element elementor-element-b54b5e5\" data-id=\"b54b5e5\" data-element_type=\"column\" data-e-type=\"column\">\n\t\t\t<div class=\"elementor-widget-wrap elementor-element-populated\">\n\t\t\t\t\t\t<div class=\"elementor-element elementor-element-714f4ba elementor-widget elementor-widget-text-editor\" data-id=\"714f4ba\" data-element_type=\"widget\" data-e-type=\"widget\" data-widget_type=\"text-editor.default\">\n\t\t\t\t<div class=\"elementor-widget-container\">\n\t\t\t\t\t\t\t\t\t<p>The recovered space corresponding to the <strong>relief channel in the La Roza area<\/strong> will have a riparian corridor configuration with more continuity, complexity and diversity for habitats and species of flora and fauna of interest.<\/p>\n<p>As part of the works for the morphological adaptation of the Ebro River in the area, completed in December 2023, a relief channel was built, 800 meters long and 100 meters wide.<\/p>\n<p>But what is a relief channel? It is one of the types of interventions carried out for the recovery of the fluvial dynamics.<br \/>The relief channel temporarily brings forward, with a low-impact intervention, the flooding of the meander, allowing the water to enter it with less flow in circulation.<\/p>\n<p>Relief channels are branches of the river that come into operation during floods:<\/p>\n<p>\ud83d\udd39 They can be artificial branches, excavated in the ground, or partially natural, when they connect with old branches of the river that have lost their functionality.<br \/>The relief channel is excavated at a higher level than the riverbed, so that when the water level rises, it flows through the two available routes.<br \/>\ud83d\udd39 This intervention increases the width of the river when needed (in floods), reducing the height of the flowing water.<br \/>\ud83d\udd39 It also makes it possible to direct water to areas of interest, to reduce pressure on the defenses of urban centers or to promote the functionality of bridges.<br \/>\ud83d\udd39 It also increases the number of days of meander flooding, favoring the implementation and development of riverine habitats in a predominantly arid environment.<\/p>\n\t\t\t\t\t\t\t\t<\/div>\n\t\t\t\t<\/div>\n\t\t\t\t\t<\/div>\n\t\t<\/div>\n\t\t\t\t\t<\/div>\n\t\t<\/section>\n\t\t\t\t<section class=\"elementor-section elementor-top-section elementor-element elementor-element-ed822c3 elementor-section-boxed elementor-section-height-default elementor-section-height-default\" data-id=\"ed822c3\" data-element_type=\"section\" data-e-type=\"section\">\n\t\t\t\t\t\t<div class=\"elementor-container elementor-column-gap-default\">\n\t\t\t\t\t<div class=\"elementor-column elementor-col-100 elementor-top-column elementor-element elementor-element-c39c4fd\" data-id=\"c39c4fd\" data-element_type=\"column\" data-e-type=\"column\">\n\t\t\t<div class=\"elementor-widget-wrap elementor-element-populated\">\n\t\t\t\t\t\t<div class=\"elementor-element elementor-element-f39802d elementor-widget elementor-widget-image\" data-id=\"f39802d\" data-element_type=\"widget\" data-e-type=\"widget\" data-widget_type=\"image.default\">\n\t\t\t\t<div class=\"elementor-widget-container\">\n\t\t\t\t\t\t\t\t\t\t\t\t\t\t\t<img fetchpriority=\"high\" decoding=\"async\" width=\"768\" height=\"768\" src=\"https:\/\/www.ebroresilience.com\/wp-content\/uploads\/2024\/03\/Cauce-de-alivio-Post-de-Instagram-2-768x768.png\" class=\"attachment-medium_large size-medium_large wp-image-10549\" alt=\"Cauce de alivio en el meandro de La Roza, Alfaro, La Rioja\" srcset=\"https:\/\/www.ebroresilience.com\/wp-content\/uploads\/2024\/03\/Cauce-de-alivio-Post-de-Instagram-2-768x768.png 768w, https:\/\/www.ebroresilience.com\/wp-content\/uploads\/2024\/03\/Cauce-de-alivio-Post-de-Instagram-2-300x300.png 300w, https:\/\/www.ebroresilience.com\/wp-content\/uploads\/2024\/03\/Cauce-de-alivio-Post-de-Instagram-2-1024x1024.png 1024w, https:\/\/www.ebroresilience.com\/wp-content\/uploads\/2024\/03\/Cauce-de-alivio-Post-de-Instagram-2-150x150.png 150w, https:\/\/www.ebroresilience.com\/wp-content\/uploads\/2024\/03\/Cauce-de-alivio-Post-de-Instagram-2-146x146.png 146w, https:\/\/www.ebroresilience.com\/wp-content\/uploads\/2024\/03\/Cauce-de-alivio-Post-de-Instagram-2-50x50.png 50w, https:\/\/www.ebroresilience.com\/wp-content\/uploads\/2024\/03\/Cauce-de-alivio-Post-de-Instagram-2-75x75.png 75w, https:\/\/www.ebroresilience.com\/wp-content\/uploads\/2024\/03\/Cauce-de-alivio-Post-de-Instagram-2-85x85.png 85w, https:\/\/www.ebroresilience.com\/wp-content\/uploads\/2024\/03\/Cauce-de-alivio-Post-de-Instagram-2-80x80.png 80w, https:\/\/www.ebroresilience.com\/wp-content\/uploads\/2024\/03\/Cauce-de-alivio-Post-de-Instagram-2.png 1080w\" sizes=\"(max-width:767px) 480px, (max-width:768px) 100vw, 768px\" \/>\t\t\t\t\t\t\t\t\t\t\t\t\t\t\t<\/div>\n\t\t\t\t<\/div>\n\t\t\t\t\t<\/div>\n\t\t<\/div>\n\t\t\t\t\t<\/div>\n\t\t<\/section>\n\t\t\t\t<section class=\"elementor-section elementor-top-section elementor-element elementor-element-5466843 elementor-section-boxed elementor-section-height-default elementor-section-height-default\" data-id=\"5466843\" data-element_type=\"section\" data-e-type=\"section\">\n\t\t\t\t\t\t<div class=\"elementor-container elementor-column-gap-default\">\n\t\t\t\t\t<div class=\"elementor-column elementor-col-100 elementor-top-column elementor-element elementor-element-b6c18ce\" data-id=\"b6c18ce\" data-element_type=\"column\" data-e-type=\"column\">\n\t\t\t<div class=\"elementor-widget-wrap elementor-element-populated\">\n\t\t\t\t\t\t<div class=\"elementor-element elementor-element-ab51319 elementor-widget elementor-widget-text-editor\" data-id=\"ab51319\" data-element_type=\"widget\" data-e-type=\"widget\" data-widget_type=\"text-editor.default\">\n\t\t\t\t<div class=\"elementor-widget-container\">\n\t\t\t\t\t\t\t\t\t<p><strong>Restoration of vegetation in the relief channel.<\/strong><\/p>\n<p>The plant restoration of this relief channel <strong>is essential for several environmental reasons, among them, being in a Red Natura 2000 area<\/strong>.<\/p>\n<p><strong>How is this restoration being carried out?<\/strong>  The Ebro Hydrographic Confederation is restoring the vegetation of this riverbed with plantations of native riverside species that will support the natural colonization of this area.<\/p>\n<ul>\n<li>Step 1: The relief channel slopes were seeded at the same time as the recessed mote in late 2023. Planting was by hand and broadcast with a mixture of herbaceous seeds that has been very successful in taking root.<\/li>\n<li>Step 2: plantings, started in February and still in progress, are carried out along the edge of the relief channel, in two longitudinal strips, to recreate the character of the vegetation corridor. A sufficiently large central area remains for spontaneous environmental restoration and for the seeding, to be carried out by the Government of La Rioja, of the final third of the riverbed with <em>Festuca arundinacea<\/em>, mainly.<\/li>\n<\/ul>\n<p><span style=\"text-decoration: underline;\">The fact:<\/span> in these strips, <strong>between plants and cuttings, more than 1,000 riparian species will be planted<\/strong>, using both mechanical and manual means.<\/p>\n<p><span style=\"text-decoration: underline;\">The main species:<\/span> shrub willows <em>(Salix fragilis, Salix purpurea and Salix triandra),<\/em> typical of the thickets of the middle stretch of the Ebro, and tamarisk <em>(Tamarix gallica), a<\/em> species that shares with the willows the first lines or banks of these riparian environments. Tree species such as <em>Salix alba<\/em> will also be used at the end of the relief channel to give continuity to the existing riparian forest. These species are resilient to the passage of floods.<\/p>\n<p><span style=\"text-decoration: underline;\">Coordination and cooperation:<\/span> all plant material to be used comes from forest nurseries managed by partners of the LIFE Ebro Resilience P1 project. Specifically, the willow cuttings and stakes are from the Marcilla nursery, managed by Gesti\u00f3n Ambiental de Navarra (GAN). The tamarix plant comes from the nursery of Gurrea de G\u00e1llego, managed by the Government of Arag\u00f3n.<\/p>\n\t\t\t\t\t\t\t\t<\/div>\n\t\t\t\t<\/div>\n\t\t\t\t\t<\/div>\n\t\t<\/div>\n\t\t\t\t\t<\/div>\n\t\t<\/section>\n\t\t\t\t<section class=\"elementor-section elementor-top-section elementor-element elementor-element-da3694e elementor-section-boxed elementor-section-height-default elementor-section-height-default\" data-id=\"da3694e\" data-element_type=\"section\" data-e-type=\"section\">\n\t\t\t\t\t\t<div class=\"elementor-container elementor-column-gap-default\">\n\t\t\t\t\t<div class=\"elementor-column elementor-col-100 elementor-top-column elementor-element elementor-element-7878c8a\" data-id=\"7878c8a\" data-element_type=\"column\" data-e-type=\"column\">\n\t\t\t<div class=\"elementor-widget-wrap elementor-element-populated\">\n\t\t\t\t\t\t<div class=\"elementor-element elementor-element-13d09a6 elementor-widget elementor-widget-image\" data-id=\"13d09a6\" data-element_type=\"widget\" data-e-type=\"widget\" data-widget_type=\"image.default\">\n\t\t\t\t<div class=\"elementor-widget-container\">\n\t\t\t\t\t\t\t\t\t\t\t\t\t\t\t<img decoding=\"async\" width=\"834\" height=\"414\" src=\"https:\/\/www.ebroresilience.com\/wp-content\/uploads\/2024\/03\/plantacion-cauce-de-alivio.png\" class=\"attachment-large size-large wp-image-10220\" alt=\"plantaci\u00f3n cauce de alivio\" srcset=\"https:\/\/www.ebroresilience.com\/wp-content\/uploads\/2024\/03\/plantacion-cauce-de-alivio.png 834w, https:\/\/www.ebroresilience.com\/wp-content\/uploads\/2024\/03\/plantacion-cauce-de-alivio-300x149.png 300w, https:\/\/www.ebroresilience.com\/wp-content\/uploads\/2024\/03\/plantacion-cauce-de-alivio-768x381.png 768w, https:\/\/www.ebroresilience.com\/wp-content\/uploads\/2024\/03\/plantacion-cauce-de-alivio-260x129.png 260w, https:\/\/www.ebroresilience.com\/wp-content\/uploads\/2024\/03\/plantacion-cauce-de-alivio-50x25.png 50w, https:\/\/www.ebroresilience.com\/wp-content\/uploads\/2024\/03\/plantacion-cauce-de-alivio-150x75.png 150w\" sizes=\"(max-width:767px) 480px, (max-width:834px) 100vw, 834px\" \/>\t\t\t\t\t\t\t\t\t\t\t\t\t\t\t<\/div>\n\t\t\t\t<\/div>\n\t\t\t\t\t<\/div>\n\t\t<\/div>\n\t\t\t\t\t<\/div>\n\t\t<\/section>\n\t\t\t\t<section class=\"elementor-section elementor-top-section elementor-element elementor-element-985843e elementor-section-boxed elementor-section-height-default elementor-section-height-default\" data-id=\"985843e\" data-element_type=\"section\" data-e-type=\"section\">\n\t\t\t\t\t\t<div class=\"elementor-container elementor-column-gap-default\">\n\t\t\t\t\t<div class=\"elementor-column elementor-col-100 elementor-top-column elementor-element elementor-element-f77a3e1\" data-id=\"f77a3e1\" data-element_type=\"column\" data-e-type=\"column\">\n\t\t\t<div class=\"elementor-widget-wrap elementor-element-populated\">\n\t\t\t\t\t\t<div class=\"elementor-element elementor-element-871e393 elementor-widget elementor-widget-text-editor\" data-id=\"871e393\" data-element_type=\"widget\" data-e-type=\"widget\" data-widget_type=\"text-editor.default\">\n\t\t\t\t<div class=\"elementor-widget-container\">\n\t\t\t\t\t\t\t\t\t<p>The LIFE Ebro Resilience P1 Project, through the Ebro Hydrographic Confederation, organized an informative planting with students of the Forestry Cycle of the Gonzalo de Berceo High School in Alfaro, La Rioja.  <\/p>\n<p>They learned about the project, its objectives and proposals for river restoration.  <\/p>\n\t\t\t\t\t\t\t\t<\/div>\n\t\t\t\t<\/div>\n\t\t\t\t\t<\/div>\n\t\t<\/div>\n\t\t\t\t\t<\/div>\n\t\t<\/section>\n\t\t\t\t<section class=\"elementor-section elementor-top-section elementor-element elementor-element-6eeb464 elementor-section-boxed elementor-section-height-default elementor-section-height-default\" data-id=\"6eeb464\" data-element_type=\"section\" data-e-type=\"section\">\n\t\t\t\t\t\t<div class=\"elementor-container elementor-column-gap-default\">\n\t\t\t\t\t<div class=\"elementor-column elementor-col-100 elementor-top-column elementor-element elementor-element-1353bd4\" data-id=\"1353bd4\" data-element_type=\"column\" data-e-type=\"column\">\n\t\t\t<div class=\"elementor-widget-wrap elementor-element-populated\">\n\t\t\t\t\t\t<div class=\"elementor-element elementor-element-dfb2ae6 elementor-widget elementor-widget-image\" data-id=\"dfb2ae6\" data-element_type=\"widget\" data-e-type=\"widget\" data-widget_type=\"image.default\">\n\t\t\t\t<div class=\"elementor-widget-container\">\n\t\t\t\t\t\t\t\t\t\t\t\t<figure class=\"wp-caption\">\n\t\t\t\t\t\t\t\t\t\t<img decoding=\"async\" src=\"https:\/\/www.ebroresilience.com\/wp-content\/uploads\/elementor\/thumbs\/WhatsApp-Image-2024-02-27-at-13.41.19-2-ql72vvhss3toamfju3p36ktup9ggczn1o7ql2d1etc.jpeg\" title=\"WhatsApp Image 2024-02-27 at 13.41.19 (2)\" alt=\"Plantaci\u00f3n de los alumnos del IES Gonzalo de Berceo en el cauce de alivio de La Roza, Alfaro, La Rioja\" loading=\"lazy\" \/>\t\t\t\t\t\t\t\t\t\t\t<figcaption class=\"widget-image-caption wp-caption-text\">Plantaci\u00f3n de los alumnos del IES Gonzalo de Berceo en el cauce de alivio de La Roza, Alfaro, La Rioja<\/figcaption>\n\t\t\t\t\t\t\t\t\t\t<\/figure>\n\t\t\t\t\t\t\t\t\t<\/div>\n\t\t\t\t<\/div>\n\t\t\t\t\t<\/div>\n\t\t<\/div>\n\t\t\t\t\t<\/div>\n\t\t<\/section>\n\t\t\t\t<section class=\"elementor-section elementor-top-section elementor-element elementor-element-bb146d7 elementor-section-boxed elementor-section-height-default elementor-section-height-default\" data-id=\"bb146d7\" data-element_type=\"section\" data-e-type=\"section\">\n\t\t\t\t\t\t<div class=\"elementor-container elementor-column-gap-default\">\n\t\t\t\t\t<div class=\"elementor-column elementor-col-100 elementor-top-column elementor-element elementor-element-2946203\" data-id=\"2946203\" data-element_type=\"column\" data-e-type=\"column\">\n\t\t\t<div class=\"elementor-widget-wrap elementor-element-populated\">\n\t\t\t\t\t\t<div class=\"elementor-element elementor-element-3d6fc7c elementor-widget elementor-widget-text-editor\" data-id=\"3d6fc7c\" data-element_type=\"widget\" data-e-type=\"widget\" data-widget_type=\"text-editor.default\">\n\t\t\t\t<div class=\"elementor-widget-container\">\n\t\t\t\t\t\t\t\t\t<p><strong>Restoration of the La Roza meander<\/strong> <\/p>\n<p>Together with this intervention in the relief channel, the Government of La Rioja is carrying out, in this case, the environmental restoration of the entire meander of La Roza.<\/p>\n<p>A total of 4,650 specimens of species typical of the Ebro riverbank and its groves will be introduced, imitating the natural growth of riparian vegetation and occupying an area of 12 hectares.<\/p>\n\t\t\t\t\t\t\t\t<\/div>\n\t\t\t\t<\/div>\n\t\t\t\t\t<\/div>\n\t\t<\/div>\n\t\t\t\t\t<\/div>\n\t\t<\/section>\n\t\t\t\t<\/div>\n\t\t","protected":false},"excerpt":{"rendered":"<p>The restoration of vegetation that is being carried out with vegetation typical of the Ebro riverbank in this channel, created during the morphological adaptation, gives us the excuse to talk about this type of intervention.<\/p>\n","protected":false},"author":5,"featured_media":10215,"comment_status":"closed","ping_status":"closed","sticky":false,"template":"","format":"standard","meta":{"_acf_changed":false,"ngg_post_thumbnail":0,"footnotes":""},"categories":[377,369],"tags":[380,378,477,452,381,515,379],"class_list":["post-10237","post","type-post","status-publish","format-standard","has-post-thumbnail","hentry","category-life-en","category-news","tag-alfaro-en","tag-ebro-resilience-en","tag-groves","tag-la-roza-en","tag-life-ebro-resilience-p1-en","tag-plantations","tag-restoration"],"acf":[],"publishpress_future_action":{"enabled":false,"date":"2026-05-06 20:18:41","action":"change-status","newStatus":"draft","terms":[],"taxonomy":"category","extraData":[]},"publishpress_future_workflow_manual_trigger":{"enabledWorkflows":[]},"_links":{"self":[{"href":"https:\/\/www.ebroresilience.com\/en\/wp-json\/wp\/v2\/posts\/10237","targetHints":{"allow":["GET"]}}],"collection":[{"href":"https:\/\/www.ebroresilience.com\/en\/wp-json\/wp\/v2\/posts"}],"about":[{"href":"https:\/\/www.ebroresilience.com\/en\/wp-json\/wp\/v2\/types\/post"}],"author":[{"embeddable":true,"href":"https:\/\/www.ebroresilience.com\/en\/wp-json\/wp\/v2\/users\/5"}],"replies":[{"embeddable":true,"href":"https:\/\/www.ebroresilience.com\/en\/wp-json\/wp\/v2\/comments?post=10237"}],"version-history":[{"count":20,"href":"https:\/\/www.ebroresilience.com\/en\/wp-json\/wp\/v2\/posts\/10237\/revisions"}],"predecessor-version":[{"id":10560,"href":"https:\/\/www.ebroresilience.com\/en\/wp-json\/wp\/v2\/posts\/10237\/revisions\/10560"}],"wp:featuredmedia":[{"embeddable":true,"href":"https:\/\/www.ebroresilience.com\/en\/wp-json\/wp\/v2\/media\/10215"}],"wp:attachment":[{"href":"https:\/\/www.ebroresilience.com\/en\/wp-json\/wp\/v2\/media?parent=10237"}],"wp:term":[{"taxonomy":"category","embeddable":true,"href":"https:\/\/www.ebroresilience.com\/en\/wp-json\/wp\/v2\/categories?post=10237"},{"taxonomy":"post_tag","embeddable":true,"href":"https:\/\/www.ebroresilience.com\/en\/wp-json\/wp\/v2\/tags?post=10237"}],"curies":[{"name":"wp","href":"https:\/\/api.w.org\/{rel}","templated":true}]}}